{"id":9827,"date":"2022-05-20T16:14:11","date_gmt":"2022-05-20T16:14:11","guid":{"rendered":"http:\/\/www.infoline.ci\/?p=9827"},"modified":"2022-05-20T16:17:57","modified_gmt":"2022-05-20T16:17:57","slug":"selection-ivoirienne-jean-louis-gasset-le-nouveau-selectionneur-des-elephants","status":"publish","type":"post","link":"https:\/\/www.infoline.ci\/?p=9827","title":{"rendered":"S\u00e9lection ivoirienne : \u00ab Jean-Louis Gasset le nouveau s\u00e9lectionneur des \u00c9l\u00e9phants \u00bb"},"content":{"rendered":"\n<h1 class=\"wp-block-heading\"><\/h1>\n\n\n\n<p>Le Fran\u00e7ais de 68&nbsp;ans a \u00e9t\u00e9 choisi pour succ\u00e9der \u00e0 Patrice Beaumelle, annonce en exclusivit\u00e9 le nouveau pr\u00e9sident de la F\u00e9d\u00e9ration ivoirienne de football, Idriss Diallo.<\/p>\n\n\n\n<p>L\u2019homme d\u2019affaires Idriss Diallo a \u00e9t\u00e9 \u00e9lu pour quatre ans pr\u00e9sident de la F\u00e9d\u00e9ration Ivoirienne de Football (FIF), le 20&nbsp;avril. En exclusivit\u00e9 pour , il annonce pourquoi il a choisi Jean-Louis Gasset, 68&nbsp;ans, comme s\u00e9lectionneur pour succ\u00e9der \u00e0 Patrice Beaumelle. <em>\u00ab&nbsp;Il fallait tourner la page et repartir avec un nouveau staff technique et un nouveau projet&nbsp;<\/em>\u00bb, pr\u00e9cise le dirigeant.&nbsp;<\/p>\n\n\n\n<h3 class=\"wp-block-heading\">Pourquoi ce choix&nbsp;?<\/h3>\n\n\n\n<p><strong>Idriss Diallo<\/strong> Il y a quelques mois, il avait d\u00e9clar\u00e9 vouloir entra\u00eener une s\u00e9lection africaine. Son profil correspond \u00e0 ce que nous recherchions. Il est exp\u00e9riment\u00e9, il a travaill\u00e9 dans plusieurs clubs fran\u00e7ais en tant que num\u00e9ro&nbsp;1 (Montpellier, Caen, Istres, Saint-Etienne, Bordeaux), mais aussi comme adjoint de Laurent Blanc quand celui-ci \u00e9tait s\u00e9lectionneur de l\u2019\u00e9quipe de France.<\/p>\n\n\n\n<p>Il a montr\u00e9 lors de nos \u00e9changes qu\u2019il \u00e9tait tr\u00e8s motiv\u00e9. Il a sign\u00e9 un contrat d\u2019un an, renouvelable un an si nous r\u00e9ussissons la CAN que nous organiserons, ce qui signifie atteindre au minimum les demi-finales, et id\u00e9alement la gagner. Il sera assist\u00e9 d\u2019Emerse Fa\u00e9 (44\u00a0ans), un ancien international ivoirien.<\/p>\n\n\n\n<p>Carlos All\u00e9luia<\/p>\n","protected":false},"excerpt":{"rendered":"<p>Le Fran\u00e7ais de 68&nbsp;ans a \u00e9t\u00e9 choisi pour succ\u00e9der \u00e0 Patrice Beaumelle, annonce en exclusivit\u00e9 le nouveau pr\u00e9sident de la F\u00e9d\u00e9ration ivoirienne de football, Idriss Diallo. L\u2019homme d\u2019affaires Idriss Diallo a \u00e9t\u00e9 \u00e9lu pour quatre ans pr\u00e9sident de la F\u00e9d\u00e9ration Ivoirienne de Football (FIF), le 20&nbsp;avril. En exclusivit\u00e9 pour , il annonce pourquoi il a [&hellip;]<\/p>\n","protected":false},"author":2,"featured_media":9828,"comment_status":"open","ping_status":"open","sticky":false,"template":"","format":"standard","meta":{"footnotes":""},"categories":[28],"tags":[],"class_list":["post-9827","post","type-post","status-publish","format-standard","has-post-thumbnail","hentry","category-football"],"_links":{"self":[{"href":"https:\/\/www.infoline.ci\/index.php?rest_route=\/wp\/v2\/posts\/9827","targetHints":{"allow":["GET"]}}],"collection":[{"href":"https:\/\/www.infoline.ci\/index.php?rest_route=\/wp\/v2\/posts"}],"about":[{"href":"https:\/\/www.infoline.ci\/index.php?rest_route=\/wp\/v2\/types\/post"}],"author":[{"embeddable":true,"href":"https:\/\/www.infoline.ci\/index.php?rest_route=\/wp\/v2\/users\/2"}],"replies":[{"embeddable":true,"href":"https:\/\/www.infoline.ci\/index.php?rest_route=%2Fwp%2Fv2%2Fcomments&post=9827"}],"version-history":[{"count":2,"href":"https:\/\/www.infoline.ci\/index.php?rest_route=\/wp\/v2\/posts\/9827\/revisions"}],"predecessor-version":[{"id":9830,"href":"https:\/\/www.infoline.ci\/index.php?rest_route=\/wp\/v2\/posts\/9827\/revisions\/9830"}],"wp:featuredmedia":[{"embeddable":true,"href":"https:\/\/www.infoline.ci\/index.php?rest_route=\/wp\/v2\/media\/9828"}],"wp:attachment":[{"href":"https:\/\/www.infoline.ci\/index.php?rest_route=%2Fwp%2Fv2%2Fmedia&parent=9827"}],"wp:term":[{"taxonomy":"category","embeddable":true,"href":"https:\/\/www.infoline.ci\/index.php?rest_route=%2Fwp%2Fv2%2Fcategories&post=9827"},{"taxonomy":"post_tag","embeddable":true,"href":"https:\/\/www.infoline.ci\/index.php?rest_route=%2Fwp%2Fv2%2Ftags&post=9827"}],"curies":[{"name":"wp","href":"https:\/\/api.w.org\/{rel}","templated":true}]}}