{"id":9813,"date":"2022-05-17T13:25:10","date_gmt":"2022-05-17T13:25:10","guid":{"rendered":"http:\/\/www.infoline.ci\/?p=9813"},"modified":"2022-05-17T13:25:11","modified_gmt":"2022-05-17T13:25:11","slug":"mission-preparatoire-de-la-tournee-du-ministre-region-du-guemon-les-directions-generales-preparent-le-terrain","status":"publish","type":"post","link":"https:\/\/www.infoline.ci\/?p=9813","title":{"rendered":"Mission Pr\u00e9paratoire de la tourn\u00e9e du Ministre ( Region du Gu\u00e9mon) : Les directions g\u00e9n\u00e9rales pr\u00e9parent le terrain"},"content":{"rendered":"\n<p>Le Ministre Kouadio Konan Bertin sera dans quelques jours au coeur de la r\u00e9gion du Gu\u00e9mon.Ce, dans le cadre de la deuxi\u00e8me escale de la tourn\u00e9e nationale qui s&rsquo;inscrit dans les preparatifs des journ\u00e9es nationales de la paix du Pardon et du souvenir pr\u00e9vues le 15 novembre 2022.En pr\u00e9lude \u00e0 cette prochaine visite ,une d\u00e9l\u00e9gation des directions g\u00e9n\u00e9rales de la r\u00e9conciliation ( DGR) conduite par Mme Simone Ayeri et de la coh\u00e9sion nationale ( DGCN) avec \u00e0 sa t\u00eate M. Timit FALLET sillonnera cette partie de l&rsquo;ouest de la C\u00f4te d&rsquo;Ivoire du 15 au 21 mai 2022.<\/p>\n\n\n\n<p>Cette mission pr\u00e9paratoire dans le Gu\u00e9mon a pour objectif d&rsquo;annoncer la visite de travail du Ministre Kouadio Konan Bertin dans la r\u00e9gion et solliciter la pleine implication des populations locales \u00e0 l&rsquo;oeuvre de la R\u00e9conciliation et de la coh\u00e9sion nationale.Les populations locales seront donc officiellement inform\u00e9es de l&rsquo;arriv\u00e9e de Monsieur le ministre afin qu&rsquo;elles prennent toutes les dispositions et jouent pleinement leur partition dans le processus de r\u00e9conciliation nationale en marche dans notre pays.Les \u00e9quipes du minist\u00e8re de la r\u00e9conciliation r\u00e9cueilleront \u00e9galement leur v\u00e9cu ,leurs t\u00e9moignages et les stigmates des diff\u00e9rentes crises qu&rsquo;elles ont v\u00e9cues en vue d&rsquo;une reponse efficace.<\/p>\n\n\n\n<p>Soulignons que cette mission se d\u00e9roulera dans 23 sous-pr\u00e9fectures issues de 4 d\u00e9partements \u00e0 savoir Du\u00e9kou\u00e9 ,Bangolo ,Facobly et Kouibly.L&rsquo;\u00e9quipe 1 conduite par Mme Simone Ay\u00e9ri se concentrera sur les d\u00e9partements de Facobly et Kouibly riches de 9 sous-pr\u00e9fectures.L&rsquo;\u00e9quipe 2 quant \u00e0 elle sous la houlette de M.Sall\u00e9 ,se d\u00e9ploiera dans les d\u00e9partements de DU\u00c9KOU\u00c9 ET BANGOLO compos\u00e9s de 14 Sous-pr\u00e9fectures.<\/p>\n\n\n\n<p>SERCOM DGR<\/p>\n","protected":false},"excerpt":{"rendered":"<p>Le Ministre Kouadio Konan Bertin sera dans quelques jours au coeur de la r\u00e9gion du Gu\u00e9mon.Ce, dans le cadre de la deuxi\u00e8me escale de la tourn\u00e9e nationale qui s&rsquo;inscrit dans les preparatifs des journ\u00e9es nationales de la paix du Pardon et du souvenir pr\u00e9vues le 15 novembre 2022.En pr\u00e9lude \u00e0 cette prochaine visite ,une d\u00e9l\u00e9gation [&hellip;]<\/p>\n","protected":false},"author":2,"featured_media":9814,"comment_status":"open","ping_status":"open","sticky":false,"template":"","format":"standard","meta":{"footnotes":""},"categories":[24],"tags":[],"class_list":["post-9813","post","type-post","status-publish","format-standard","has-post-thumbnail","hentry","category-societe"],"_links":{"self":[{"href":"https:\/\/www.infoline.ci\/index.php?rest_route=\/wp\/v2\/posts\/9813","targetHints":{"allow":["GET"]}}],"collection":[{"href":"https:\/\/www.infoline.ci\/index.php?rest_route=\/wp\/v2\/posts"}],"about":[{"href":"https:\/\/www.infoline.ci\/index.php?rest_route=\/wp\/v2\/types\/post"}],"author":[{"embeddable":true,"href":"https:\/\/www.infoline.ci\/index.php?rest_route=\/wp\/v2\/users\/2"}],"replies":[{"embeddable":true,"href":"https:\/\/www.infoline.ci\/index.php?rest_route=%2Fwp%2Fv2%2Fcomments&post=9813"}],"version-history":[{"count":1,"href":"https:\/\/www.infoline.ci\/index.php?rest_route=\/wp\/v2\/posts\/9813\/revisions"}],"predecessor-version":[{"id":9815,"href":"https:\/\/www.infoline.ci\/index.php?rest_route=\/wp\/v2\/posts\/9813\/revisions\/9815"}],"wp:featuredmedia":[{"embeddable":true,"href":"https:\/\/www.infoline.ci\/index.php?rest_route=\/wp\/v2\/media\/9814"}],"wp:attachment":[{"href":"https:\/\/www.infoline.ci\/index.php?rest_route=%2Fwp%2Fv2%2Fmedia&parent=9813"}],"wp:term":[{"taxonomy":"category","embeddable":true,"href":"https:\/\/www.infoline.ci\/index.php?rest_route=%2Fwp%2Fv2%2Fcategories&post=9813"},{"taxonomy":"post_tag","embeddable":true,"href":"https:\/\/www.infoline.ci\/index.php?rest_route=%2Fwp%2Fv2%2Ftags&post=9813"}],"curies":[{"name":"wp","href":"https:\/\/api.w.org\/{rel}","templated":true}]}}