{"id":9789,"date":"2022-05-04T15:34:33","date_gmt":"2022-05-04T15:34:33","guid":{"rendered":"http:\/\/www.infoline.ci\/?p=9789"},"modified":"2022-05-04T15:34:34","modified_gmt":"2022-05-04T15:34:34","slug":"election-a-la-fif-des-clubs-contre-idriss-diallo-au-tribunal-mais-que-se-passe-t-il-dans-le-football-ivoirien","status":"publish","type":"post","link":"https:\/\/www.infoline.ci\/?p=9789","title":{"rendered":"\u00c9lection \u00e0 la FIF Des clubs contre Idriss Diallo au tribunal ? Mais que se passe-t-il dans le football ivoirien ?"},"content":{"rendered":"\n<p>\u00c9lection \u00e0 la FIF Des clubs contre Idriss Diallo au tribunal ? Mais que se passe-t-il dans le football ivoirien ? Ne verra-t-on jamais le bout du tunnel dans cette histoire d&rsquo;\u00e9lection \u00e0 la FIF ? Alors qu&rsquo;on croyait que Dao Gabala avait remis les pendules \u00e0 l&rsquo;heure en annon\u00e7ant l&rsquo;\u00e9lection d\u00e9finitive d&rsquo;Idriss Diallo,  l&rsquo;on apprend ce matin que plusieurs clubs sont sur le point de saisir le tribunal pour annuler le scrutin. La raison est toute simple selon notre source. &lt;&lt; Des membres actifs et des candidats,  surtout ceux ayant  postul\u00e9 pour la commission de Gouvernance, d&rsquo;audit et conformit\u00e9 de la FIF , sont en train de s&rsquo;organiser pour une saisine en annulation de l&rsquo;Assembl\u00e9e G\u00e9n\u00e9rale \u00c9lective du samedi 23 avril 2022 tenue \u00e0 la Fondation F\u00e9lix Houphou\u00ebt-Boigny pour la recherche de la paix de Yamoussoukro. Ils contestent la r\u00e9gularit\u00e9 de ladite Assembl\u00e9e surtout qu&rsquo;elle a vu la participation de personnes d\u00e9pourvues de la nationalit\u00e9 ivoirienne , des personnes de nationalit\u00e9 \u00e9trang\u00e8re donc, et qui ont pris part aux diff\u00e9rents scrutins.>>, confie ce dirigeant . Ces personnes sont bien connues de tous dans le foot ivoirien et cela n&rsquo;a rien de choquant. Le pr\u00e9sident du FC San Pedro , de nationalit\u00e9 tunisienne,  n&rsquo;aurait pas vot\u00e9 pour cette raison mais certains auraient brav\u00e9 la loi. Pour \u00eatre plus explicite, ce groupe pr\u00eat \u00e0 casser l&rsquo;AG d\u00e9nonce la convocation, l&rsquo;admission \u00e0 l&rsquo;Assembl\u00e9e g\u00e9n\u00e9rale \u00e9lective et surtout l&rsquo;expression du droit de vote par des personnes d\u00e9pourvues de la citoyennet\u00e9 ivoirienne au vu des dispositions pr\u00e9vues dans la loi de 1960 , qui encadre et r\u00e8glemente la cr\u00e9ation et l&rsquo;exercice des associations dont les associations sportives en C\u00f4te d&rsquo;Ivoire. Aux derni\u00e8res infos, des sources concordantes affirment que le dossier est boucl\u00e9 et que la justice ivoirienne,  comp\u00e9tente en la mati\u00e8re , sera incessamment saisie si ce n&rsquo;est d\u00e9j\u00e0 fait. Les jours \u00e0 venir semblent bien houleux pour le futur locataire de la de verre de Treichville. Va-t-on vers un s\u00e9isme ? Une chose est certaine, Idriss Diallo , qui arborera son nouveau manteau aujourd&rsquo;hui, n&rsquo;a pas besoin de tout ce remue-m\u00e9nage. Sanh S\u00e9verin<\/p>\n","protected":false},"excerpt":{"rendered":"<p>\u00c9lection \u00e0 la FIF Des clubs contre Idriss Diallo au tribunal ? Mais que se passe-t-il dans le football ivoirien ? Ne verra-t-on jamais le bout du tunnel dans cette histoire d&rsquo;\u00e9lection \u00e0 la FIF ? Alors qu&rsquo;on croyait que Dao Gabala avait remis les pendules \u00e0 l&rsquo;heure en annon\u00e7ant l&rsquo;\u00e9lection d\u00e9finitive d&rsquo;Idriss Diallo, l&rsquo;on [&hellip;]<\/p>\n","protected":false},"author":2,"featured_media":9790,"comment_status":"open","ping_status":"open","sticky":false,"template":"","format":"standard","meta":{"footnotes":""},"categories":[28,25],"tags":[],"class_list":["post-9789","post","type-post","status-publish","format-standard","has-post-thumbnail","hentry","category-football","category-sports"],"_links":{"self":[{"href":"https:\/\/www.infoline.ci\/index.php?rest_route=\/wp\/v2\/posts\/9789","targetHints":{"allow":["GET"]}}],"collection":[{"href":"https:\/\/www.infoline.ci\/index.php?rest_route=\/wp\/v2\/posts"}],"about":[{"href":"https:\/\/www.infoline.ci\/index.php?rest_route=\/wp\/v2\/types\/post"}],"author":[{"embeddable":true,"href":"https:\/\/www.infoline.ci\/index.php?rest_route=\/wp\/v2\/users\/2"}],"replies":[{"embeddable":true,"href":"https:\/\/www.infoline.ci\/index.php?rest_route=%2Fwp%2Fv2%2Fcomments&post=9789"}],"version-history":[{"count":1,"href":"https:\/\/www.infoline.ci\/index.php?rest_route=\/wp\/v2\/posts\/9789\/revisions"}],"predecessor-version":[{"id":9791,"href":"https:\/\/www.infoline.ci\/index.php?rest_route=\/wp\/v2\/posts\/9789\/revisions\/9791"}],"wp:featuredmedia":[{"embeddable":true,"href":"https:\/\/www.infoline.ci\/index.php?rest_route=\/wp\/v2\/media\/9790"}],"wp:attachment":[{"href":"https:\/\/www.infoline.ci\/index.php?rest_route=%2Fwp%2Fv2%2Fmedia&parent=9789"}],"wp:term":[{"taxonomy":"category","embeddable":true,"href":"https:\/\/www.infoline.ci\/index.php?rest_route=%2Fwp%2Fv2%2Fcategories&post=9789"},{"taxonomy":"post_tag","embeddable":true,"href":"https:\/\/www.infoline.ci\/index.php?rest_route=%2Fwp%2Fv2%2Ftags&post=9789"}],"curies":[{"name":"wp","href":"https:\/\/api.w.org\/{rel}","templated":true}]}}