{"id":94466,"date":"2026-07-18T00:04:38","date_gmt":"2026-07-18T00:04:38","guid":{"rendered":"http:\/\/www.infoline.ci\/?p=94466"},"modified":"2026-07-18T00:04:38","modified_gmt":"2026-07-18T00:04:38","slug":"les-responsables-du-secteur-de-la-sante-mentale-sengagent-a-etendre-les-soins-fondes-sur-les-droits-en-afrique-de-louest-et-du-centre","status":"publish","type":"post","link":"https:\/\/www.infoline.ci\/?p=94466","title":{"rendered":"Les responsables du secteur de la sant\u00e9 mentale s\u2019engagent \u00e0 \u00e9tendre les soins fond\u00e9s sur les droits en Afrique de l\u2019Ouest et du Centre"},"content":{"rendered":"<div>\n<figure class=\"wp-block-image aligncenter size-large is-resized\"><img fetchpriority=\"high\" decoding=\"async\" width=\"1024\" height=\"381\" src=\"https:\/\/africanmediaagency.com\/wp-content\/uploads\/2026\/07\/ssssss.jpg-1-1024x381.webp\" alt=\"\" class=\"wp-image-118978\" style=\"width:516px;height:auto\" srcset=\"https:\/\/africanmediaagency.com\/wp-content\/uploads\/2026\/07\/ssssss.jpg-1-1024x381.webp 1024w, https:\/\/africanmediaagency.com\/wp-content\/uploads\/2026\/07\/ssssss.jpg-1-300x112.webp 300w, https:\/\/africanmediaagency.com\/wp-content\/uploads\/2026\/07\/ssssss.jpg-1-768x286.webp 768w, https:\/\/africanmediaagency.com\/wp-content\/uploads\/2026\/07\/ssssss.jpg-1-1536x572.webp 1536w, https:\/\/africanmediaagency.com\/wp-content\/uploads\/2026\/07\/ssssss.jpg-1.webp 1920w\" sizes=\"(max-width: 1024px) 100vw, 1024px\"><\/figure>\n<p class=\"wp-block-paragraph\">Gen\u00e8ve, Suisse, 17 Juillet 2026-\/African Media Agency(AMA)\/- Des experts en sant\u00e9 mentale et des responsables de l\u2019action politique de 26 pays d\u2019Afrique de l\u2019Ouest et du Centre se sont engag\u00e9s \u00e0 acc\u00e9l\u00e9rer le d\u00e9ploiement de services de sant\u00e9 mentale dignes et fond\u00e9s sur les droits de la personne, et \u00e0 intensifier les efforts en vue d\u2019atteindre les objectifs fix\u00e9s par la R\u00e9gion africaine de l\u2019OMS pour 2030 en mati\u00e8re de sant\u00e9 mentale.<\/p>\n<p class=\"wp-block-paragraph\">Cet engagement a \u00e9t\u00e9 pris lors de la R\u00e9union d\u2019apprentissage interpays sur la sant\u00e9 mentale en Afrique de l\u2019Ouest et du Centre, tenue \u00e0 Lom\u00e9 et organis\u00e9e par le Bureau r\u00e9gional de l\u2019OMS pour l\u2019Afrique avec l\u2019appui de Akwaaba Trust.<\/p>\n<p class=\"wp-block-paragraph\">\u00ab Toute personne vivant avec un trouble de sant\u00e9 mentale m\u00e9rite d\u2019\u00eatre trait\u00e9e avec dignit\u00e9, respect et bienveillance \u00bb d\u00e9clare Dr Benido Impouma, Directeur de la promotion de la sant\u00e9, de la pr\u00e9vention et du contr\u00f4le des maladies au Bureau r\u00e9gional de l\u2019OMS pour l\u2019Afrique. Des progr\u00e8s ont certes \u00e9t\u00e9 accomplis, mais nous devons redoubler d\u2019efforts pour renforcer les soins fond\u00e9s sur les droits et centr\u00e9s sur les communaut\u00e9s, tout en b\u00e2tissant des syst\u00e8mes de sant\u00e9 r\u00e9silients qui garantissent que personne n\u2019est laiss\u00e9 de c\u00f4t\u00e9. \u00bb<\/p>\n<p class=\"wp-block-paragraph\">Au cours de cette r\u00e9union de quatre jours, les participants ont pass\u00e9 en revue les avanc\u00e9es r\u00e9alis\u00e9es, partag\u00e9 les enseignements tir\u00e9s \u00e0 travers la R\u00e9gion et convenu des mesures concr\u00e8tes \u00e0 prendre pour renforcer les syst\u00e8mes nationaux de sant\u00e9 mentale et rapprocher des services de qualit\u00e9 des lieux de vie des populations.<\/p>\n<p class=\"wp-block-paragraph\">Les \u00e9changes ont notamment port\u00e9 sur l\u2019int\u00e9gration de la sant\u00e9 mentale dans les soins de sant\u00e9 primaires, le renforcement des services communautaires, ainsi que sur la n\u00e9cessit\u00e9 de garantir que les personnes ayant une exp\u00e9rience v\u00e9cue de la maladie jouent un r\u00f4le d\u00e9terminant dans l\u2019\u00e9laboration des politiques et la conception des services.<\/p>\n<p class=\"wp-block-paragraph\">Malgr\u00e9 un engagement politique croissant, des lacunes importantes subsistent. Si vingt-neuf pays de la R\u00e9gion africaine de l\u2019OMS ont adopt\u00e9 des politiques ou strat\u00e9gies nationales en mati\u00e8re de sant\u00e9 mentale, seuls dix-sept d\u2019entre eux les ont align\u00e9es sur les normes internationales relatives aux droits de l\u2019homme. Par ailleurs, l\u2019int\u00e9gration de la sant\u00e9 mentale dans les soins de sant\u00e9 primaires reste insuffisante, seuls sept des 47 \u00c9tats Membres de la R\u00e9gion assurant effectivement ces services au niveau des soins primaires.<\/p>\n<p class=\"wp-block-paragraph\">Les participants ont appel\u00e9 \u00e0 la mise en place de cadres juridiques et politiques plus solides pour prot\u00e9ger les droits des personnes vivant avec des troubles de sant\u00e9 mentale et ont \u00e9galement soulign\u00e9 l\u2019importance d\u2019une plus grande collaboration entre les secteurs de la sant\u00e9, de l\u2019\u00e9ducation, de la protection sociale et de la justice. Ils ont en outre insist\u00e9 sur la n\u00e9cessit\u00e9 d\u2019\u00e9tendre la mise en \u0153uvre du Programme d\u2019action \u00ab Combler les lacunes en sant\u00e9 mentale \u00bb (mhGAP) de l\u2019OMS, qui vise \u00e0 former des professionnels de sant\u00e9 non sp\u00e9cialis\u00e9s \u00e0 la prise en charge des troubles mentaux dans les contextes o\u00f9 les services sp\u00e9cialis\u00e9s sont peu accessibles.<\/p>\n<p class=\"wp-block-paragraph\">\u00ab Face \u00e0 l\u2019ampleur croissante des probl\u00e8mes de sant\u00e9 mentale, il est imp\u00e9ratif de renforcer la coop\u00e9ration r\u00e9gionale, favoriser l\u2019acc\u00e8s aux services de sant\u00e9 mentale et lutter contre la stigmatisation qui emp\u00eache encore de nombreuses personnes de solliciter les soins dont elles ont besoin \u00bb, affirme le Dr Wotobe Kokou, Secr\u00e9taire g\u00e9n\u00e9ral du Minist\u00e8re de la Sant\u00e9, de l\u2019Hygi\u00e8ne Publique, de la Couverture Sanitaire Universelle et des Assurances.<\/p>\n<p class=\"wp-block-paragraph\">Le financement durable a \u00e9galement \u00e9t\u00e9 identifi\u00e9 comme une priorit\u00e9 essentielle, les pays envisageant des solutions pour accro\u00eetre l\u2019investissement national tout en tirant parti de l\u2019appui des partenaires afin de consolider leurs syst\u00e8mes de sant\u00e9 mentale. \u00ab Les obstacles \u00e0 l\u2019am\u00e9lioration de l\u2019acc\u00e8s aux soins de sant\u00e9 mentale sont d\u2019ordre politique, financier, culturel et institutionnel. Y rem\u00e9dier exige une action coordonn\u00e9e, un engagement durable et une collaboration v\u00e9ritable entre toutes les parties prenantes afin de susciter un changement significatif \u00bb, a soulign\u00e9 le Dr Kate Martin, responsable du d\u00e9veloppement du secteur et de l\u2019exp\u00e9rience v\u00e9cue (Head of Field Building and Lived Experience) \u00e0 la Wellcome Trust.<\/p>\n<p class=\"wp-block-paragraph\">S\u2019appuyant sur les le\u00e7ons tir\u00e9es des \u00e9pid\u00e9mies d\u2019Ebola et d\u2019autres situations d\u2019urgence humanitaire, les participants ont \u00e9galement insist\u00e9 sur l\u2019importance d\u2019int\u00e9grer la sant\u00e9 mentale et le soutien psychosocial dans la pr\u00e9paration et la r\u00e9ponse aux urgences, afin de prot\u00e9ger les communaut\u00e9s touch\u00e9es avant, pendant et apr\u00e8s les crises. Une session d\u00e9di\u00e9e \u00e0 la sant\u00e9 mentale des enfants et des adolescents a donn\u00e9 aux jeunes d\u00e9fenseurs l\u2019occasion de contribuer directement aux d\u00e9bats sur la mise en place de politiques et de services mieux adapt\u00e9s \u00e0 leurs besoins.<\/p>\n<p class=\"wp-block-paragraph\">La r\u00e9union de Lom\u00e9 \u00e9tait la deuxi\u00e8me d\u2019une s\u00e9rie de consultations sous-r\u00e9gionales de l\u2019OMS, faisant suite \u00e0 une rencontre organis\u00e9e pour l\u2019Afrique orientale et australe tenue \u00e0 Johannesburg en mai 2026. Ces consultations permettent aux pays d\u2019\u00e9valuer les progr\u00e8s accomplis vers l\u2019atteinte des objectifs de la R\u00e9gion en mati\u00e8re de sant\u00e9 mentale \u00e0 l\u2019horizon 2030 ; il s\u2019agit notamment de l\u2019adoption universelle de politiques nationales de sant\u00e9 mentale, le renforcement des m\u00e9canismes de financement, l\u2019am\u00e9lioration des syst\u00e8mes de notification et l\u2019int\u00e9gration des services de sant\u00e9 mentale dans les soins de sant\u00e9 primaires afin qu\u2019un plus grand nombre de personnes puissent acc\u00e9der \u00e0 des soins de qualit\u00e9 fond\u00e9s sur les droits.<\/p>\n<p class=\"wp-block-paragraph\">Distribu\u00e9 par\u00a0<a href=\"https:\/\/africanmediaagency.com\/\">African Media Agency (AMA)<\/a>\u00a0<em>pour l\u2019Organisation Mondiale de la Sant\u00e9<\/em><\/p>\n<p class=\"wp-block-paragraph\"><strong>\u00c0 propos des objectifs de sant\u00e9 mentale de la R\u00e9gion africaine de l\u2019OMS<\/strong><\/p>\n<p class=\"wp-block-paragraph\"><a href=\"https:\/\/www.afro.who.int\/sites\/default\/files\/2022-07\/AFR-RC72-5%20Framework%20to%20strengthen%20the%20implementation%20of%20the%20comprehensive%20mental%20health%20action%20plan%2020132030%20in%20the%20WHO%20African%20Region.pdf\">Les objectifs de la R\u00e9gion africaine d\u2019ici \u00e0 2030<\/a>, pr\u00e9voient que 100 % des \u00c9tats Membres disposent d\u2019une politique ou d\u2019un plan strat\u00e9gique de sant\u00e9 mentale autonome ou int\u00e9gr\u00e9, 70 % mettent en place une ligne budg\u00e9taire d\u00e9di\u00e9e \u00e0 la sant\u00e9 mentale, 95 % communiquent r\u00e9guli\u00e8rement des donn\u00e9es sur un ensemble complet d\u2019indicateurs de sant\u00e9 mentale et 60 % int\u00e8grent efficacement la sant\u00e9 mentale dans les soins de sant\u00e9 primaires afin d\u2019am\u00e9liorer l\u2019acc\u00e8s \u00e9quitable \u00e0 des soins de qualit\u00e9.<a href=\"https:\/\/africanmediaagency.com\/cellulant-nomme-lancien-directeur-financier-dagoda-pour-piloter-sa-prochaine-phase-de-croissance-panafricaine\/?lang=fr\"><\/a><a href=\"https:\/\/africanmediaagency.com\/la-guerre-plonge-sept-soudanais-sur-dix-dans-la-pauvrete\/?lang=fr\"><\/a><a href=\"https:\/\/africanmediaagency.com\/la-nouvelle-integration-chatgpt-de-yango-ride-permet-de-planifier-ses-trajets-directement-dans-la-conversation-dans-plus-de-25-pays\/?lang=fr\"><\/a><a href=\"https:\/\/africanmediaagency.com\/communique-de-la-fondation-gates-sur-le-financement-de-la-riposte-a-lepidemie-debola\/?lang=fr\"><\/a><\/p>\n<p>The post <a href=\"https:\/\/africanmediaagency.com\/les-responsables-du-secteur-de-la-sante-mentale-sengagent-a-etendre-les-soins-fondes-sur-les-droits-en-afrique-de-louest-et-du-centre\/?lang=fr\">Les responsables du secteur de la sant\u00e9 mentale s\u2019engagent \u00e0 \u00e9tendre les soins fond\u00e9s sur les droits en Afrique de l\u2019Ouest et du Centre<\/a> appeared first on <a href=\"https:\/\/africanmediaagency.com\/?lang=fr\">African Media Agency<\/a>.<\/p>\n<\/div>\n","protected":false},"excerpt":{"rendered":"<p>Gen\u00e8ve, Suisse, 17 Juillet 2026-\/African Media Agency(AMA)\/- Des experts en sant\u00e9 mentale et des responsables de l\u2019action politique de 26 pays d\u2019Afrique de l\u2019Ouest et du Centre se sont engag\u00e9s \u00e0 acc\u00e9l\u00e9rer le d\u00e9ploiement de services de sant\u00e9 mentale dignes et fond\u00e9s sur les droits de la personne, et \u00e0 intensifier les efforts en vue [&hellip;]<\/p>\n","protected":false},"author":96739694,"featured_media":0,"comment_status":"closed","ping_status":"closed","sticky":false,"template":"","format":"standard","meta":{"footnotes":""},"categories":[34],"tags":[],"class_list":["post-94466","post","type-post","status-publish","format-standard","hentry","category-ama"],"_links":{"self":[{"href":"https:\/\/www.infoline.ci\/index.php?rest_route=\/wp\/v2\/posts\/94466","targetHints":{"allow":["GET"]}}],"collection":[{"href":"https:\/\/www.infoline.ci\/index.php?rest_route=\/wp\/v2\/posts"}],"about":[{"href":"https:\/\/www.infoline.ci\/index.php?rest_route=\/wp\/v2\/types\/post"}],"author":[{"embeddable":true,"href":"https:\/\/www.infoline.ci\/index.php?rest_route=\/wp\/v2\/users\/96739694"}],"replies":[{"embeddable":true,"href":"https:\/\/www.infoline.ci\/index.php?rest_route=%2Fwp%2Fv2%2Fcomments&post=94466"}],"version-history":[{"count":0,"href":"https:\/\/www.infoline.ci\/index.php?rest_route=\/wp\/v2\/posts\/94466\/revisions"}],"wp:attachment":[{"href":"https:\/\/www.infoline.ci\/index.php?rest_route=%2Fwp%2Fv2%2Fmedia&parent=94466"}],"wp:term":[{"taxonomy":"category","embeddable":true,"href":"https:\/\/www.infoline.ci\/index.php?rest_route=%2Fwp%2Fv2%2Fcategories&post=94466"},{"taxonomy":"post_tag","embeddable":true,"href":"https:\/\/www.infoline.ci\/index.php?rest_route=%2Fwp%2Fv2%2Ftags&post=94466"}],"curies":[{"name":"wp","href":"https:\/\/api.w.org\/{rel}","templated":true}]}}