{"id":92883,"date":"2026-07-17T00:00:58","date_gmt":"2026-07-17T00:00:58","guid":{"rendered":"https:\/\/www.infoline.ci\/?p=92883"},"modified":"2026-07-17T00:00:58","modified_gmt":"2026-07-17T00:00:58","slug":"burkina-faso-un-nouveau-financement-de-la-banque-mondiale-pour-elargir-les-opportunites-economiques-et-renforcer-les-systemes-de-protection-sociale","status":"publish","type":"post","link":"https:\/\/www.infoline.ci\/?p=92883","title":{"rendered":"Burkina Faso : un nouveau financement de la Banque mondiale pour \u00e9largir les opportunit\u00e9s \u00e9conomiques et renforcer les syst\u00e8mes de protection sociale"},"content":{"rendered":"<div>\n<p class=\"wp-block-paragraph\">Washington, USA, 16 Juillet 2026 -\/African Media Agency (AMA)\/- La Banque mondiale a approuv\u00e9 aujourd\u2019hui un nouveau projet qui vise \u00e0 accro\u00eetre les opportunit\u00e9s \u00e9conomiques pour les populations vuln\u00e9rables du Burkina Faso, \u00e0 favoriser la coh\u00e9sion sociale et \u00e0 renforcer le syst\u00e8me de protection sociale du pays. Il s\u2019agit d\u2019un partenariat renouvel\u00e9 entre le Groupe de la Banque mondiale et le gouvernement du Burkina Faso dans le secteur de la protection sociale. Le projet sera mis en \u0153uvre sur une p\u00e9riode de cinq ans et financ\u00e9 par un cr\u00e9dit de 100 millions de dollars de l\u2019Association internationale de d\u00e9veloppement (IDA) et un don de 20 millions de dollars du <a href=\"https:\/\/www.banquemondiale.org\/fr\/programs\/sahel-adaptive-social-protection-program-trust-fund\"><strong>Programme de protection sociale adaptative au Sahel<\/strong><\/a>.<\/p>\n<p class=\"wp-block-paragraph\">Cette nouvelle op\u00e9ration s\u2019appuie sur les r\u00e9sultats probants du Projet de filets sociaux <em>Burkina Naong Sa Ya <\/em>(\u00ab Mettre fin \u00e0 la pauvret\u00e9 \u00bb), mis en \u0153uvre entre 2014 et 2024, qui a permis de fournir une aide sociale \u00e0 plus d\u2019un million de b\u00e9n\u00e9ficiaires et d\u2019\u00e9tablir un registre social national des m\u00e9nages vuln\u00e9rables, fournissant ainsi une plateforme essentielle pour l\u2019expansion et le ciblage des programmes de protection sociale dans tout le pays.<\/p>\n<p class=\"wp-block-paragraph\">Le <a href=\"https:\/\/documents.worldbank.org\/en\/publication\/documents-reports\/documentdetail\/099052726095539002\"><strong>Projet d\u2019autonomisation \u00e9conomique des m\u00e9nages pauvres et vuln\u00e9rables pour la r\u00e9silience et la protection sociale adaptative (PARPS)<\/strong><\/a> soutiendra la mise en \u0153uvre de la Strat\u00e9gie nationale de protection sociale (2024-2028) et d\u2019un nouveau programme national phare d\u2019aide sociale : le Programme d\u2019appui \u00e0 l\u2019autonomisation \u00e9conomique des m\u00e9nages pauvres et vuln\u00e9rables. Ciblant 120 000 b\u00e9n\u00e9ficiaires, l\u2019op\u00e9ration \u00e9largira l\u2019acc\u00e8s aux opportunit\u00e9s \u00e9conomiques pour les m\u00e9nages vuln\u00e9rables, notamment les d\u00e9plac\u00e9s internes et les rapatri\u00e9s ; promouvoir les investissements dans le d\u00e9veloppement des comp\u00e9tences, la s\u00e9curit\u00e9 alimentaire, la nutrition et la sant\u00e9, \u00e9l\u00e9ments constitutifs d\u2019emplois productifs et de meilleure qualit\u00e9 ; renforcer l\u2019autonomisation \u00e9conomique des femmes ; et renforcer la r\u00e9silience des m\u00e9nages aux chocs li\u00e9s au climat et \u00e0 d\u2019autres chocs.<\/p>\n<p class=\"wp-block-paragraph\">Le projet s\u2019attachera \u00e9galement \u00e0 rendre le syst\u00e8me national de protection sociale plus adaptable, efficace et mieux coordonn\u00e9 en am\u00e9liorant les programmes, les informations et les donn\u00e9es, ainsi que les capacit\u00e9s institutionnelles afin de maximiser les r\u00e9sultats des interventions. Il appuiera l\u2019\u00e9largissement de la couverture et de l\u2019utilisation du registre social ; promouvoir son int\u00e9gration \u00e0 d\u2019autres bases de donn\u00e9es cl\u00e9s \u2014 notamment celles relatives aux personnes d\u00e9plac\u00e9es \u00e0 l\u2019int\u00e9rieur de leur pays et \u00e0 l\u2019assurance maladie \u2014 afin de garantir une identification pr\u00e9cise, efficace et inclusive des b\u00e9n\u00e9ficiaires.<\/p>\n<p class=\"wp-block-paragraph\"><em>\u00ab Ce projet t\u00e9moigne de notre engagement continu \u00e0 soutenir les efforts du gouvernement pour renforcer et consolider le syst\u00e8me de protection sociale. Il s\u2019inscrit pleinement dans notre nouveau cadre de partenariat avec le Burkina Faso, qui vise \u00e0 promouvoir un d\u00e9veloppement durable en mettant fortement l\u2019accent sur la cr\u00e9ation d\u2019emplois plus nombreux et de meilleure qualit\u00e9 \u00bb<\/em> indique <strong>Hamoud Abdel Wedoud Kamil, repr\u00e9sentant r\u00e9sident de la Banque mondiale au Burkina Faso.<\/strong><\/p>\n<p class=\"wp-block-paragraph\"><em>\u00ab L\u2019ensemble des interventions est \u00e0 la fois productif et protecteur. Ils aideront les populations \u00e0 acc\u00e9der \u00e0 des services alimentaires, d\u2019\u00e9ducation et de sant\u00e9 afin de prot\u00e9ger et d\u00e9velopper leur capital humain, mais aussi \u00e0 acc\u00e9der \u00e0 des actifs productifs et \u00e0 des services financiers, autant de facteurs qui transformeront la vie des populations \u00e0 moyen et long terme \u00bb<\/em>, ajoute <strong>Trina Haque, directrice r\u00e9gionale du p\u00f4le Afrique de l\u2019Ouest et du centre de la Banque mondiale.<\/strong><\/p>\n<p class=\"wp-block-paragraph\">Distribu\u00e9 par\u00a0<a href=\"https:\/\/africanmediaagency.com\/\">African Media Agency (AMA)<\/a>\u00a0<em>pour la Banque Mondiale<\/em><a href=\"https:\/\/africanmediaagency.com\/communique-de-la-fondation-gates-sur-le-financement-de-la-riposte-a-lepidemie-debola\/?lang=fr\"><\/a><\/p>\n<p class=\"wp-block-paragraph\"><strong>Contacts<br \/>\u00c0 Ouagadougou :<br \/><\/strong>Lionel Yaro,<br \/>+226 25 49 63 00<br \/><a href=\"mailto:lyaro@worldbank.org\">lyaro@worldbank.org<\/a><\/p>\n<p class=\"wp-block-paragraph\">\n<p>The post <a href=\"https:\/\/africanmediaagency.com\/burkina-faso-un-nouveau-financement-de-la-banque-mondiale-pour-elargir-les-opportunites-economiques-et-renforcer-les-systemes-de-protection-sociale\/?lang=fr\">Burkina Faso : un nouveau financement de la Banque mondiale pour \u00e9largir les opportunit\u00e9s \u00e9conomiques et renforcer les syst\u00e8mes de protection sociale<\/a> appeared first on <a href=\"https:\/\/africanmediaagency.com\/?lang=fr\">African Media Agency<\/a>.<\/p>\n<\/div>\n","protected":false},"excerpt":{"rendered":"<p>Washington, USA, 16 Juillet 2026 -\/African Media Agency (AMA)\/- La Banque mondiale a approuv\u00e9 aujourd\u2019hui un nouveau projet qui vise \u00e0 accro\u00eetre les opportunit\u00e9s \u00e9conomiques pour les populations vuln\u00e9rables du Burkina Faso, \u00e0 favoriser la coh\u00e9sion sociale et \u00e0 renforcer le syst\u00e8me de protection sociale du pays. Il s\u2019agit d\u2019un partenariat renouvel\u00e9 entre le Groupe [&hellip;]<\/p>\n","protected":false},"author":96739694,"featured_media":0,"comment_status":"closed","ping_status":"closed","sticky":false,"template":"","format":"standard","meta":{"footnotes":""},"categories":[34],"tags":[],"class_list":["post-92883","post","type-post","status-publish","format-standard","hentry","category-ama"],"_links":{"self":[{"href":"https:\/\/www.infoline.ci\/index.php?rest_route=\/wp\/v2\/posts\/92883","targetHints":{"allow":["GET"]}}],"collection":[{"href":"https:\/\/www.infoline.ci\/index.php?rest_route=\/wp\/v2\/posts"}],"about":[{"href":"https:\/\/www.infoline.ci\/index.php?rest_route=\/wp\/v2\/types\/post"}],"author":[{"embeddable":true,"href":"https:\/\/www.infoline.ci\/index.php?rest_route=\/wp\/v2\/users\/96739694"}],"replies":[{"embeddable":true,"href":"https:\/\/www.infoline.ci\/index.php?rest_route=%2Fwp%2Fv2%2Fcomments&post=92883"}],"version-history":[{"count":0,"href":"https:\/\/www.infoline.ci\/index.php?rest_route=\/wp\/v2\/posts\/92883\/revisions"}],"wp:attachment":[{"href":"https:\/\/www.infoline.ci\/index.php?rest_route=%2Fwp%2Fv2%2Fmedia&parent=92883"}],"wp:term":[{"taxonomy":"category","embeddable":true,"href":"https:\/\/www.infoline.ci\/index.php?rest_route=%2Fwp%2Fv2%2Fcategories&post=92883"},{"taxonomy":"post_tag","embeddable":true,"href":"https:\/\/www.infoline.ci\/index.php?rest_route=%2Fwp%2Fv2%2Ftags&post=92883"}],"curies":[{"name":"wp","href":"https:\/\/api.w.org\/{rel}","templated":true}]}}