{"id":9187,"date":"2021-11-11T11:01:07","date_gmt":"2021-11-11T11:01:07","guid":{"rendered":"http:\/\/www.infoline.ci\/?p=9187"},"modified":"2021-11-11T11:01:09","modified_gmt":"2021-11-11T11:01:09","slug":"loim-publie-la-liste-des-laureats-du-prix-du-journalisme-sur-la-migration-en-afrique-de-louest-et-du-centre-edition-2021","status":"publish","type":"post","link":"https:\/\/www.infoline.ci\/?p=9187","title":{"rendered":"L\u2019OIM publie la liste des laur\u00e9ats du Prix du journalisme sur la migration en Afrique de l\u2019Ouest et du Centre, \u00e9dition 2021"},"content":{"rendered":"\n<p>\u00c0 l\u2019issue de la c\u00e9r\u00e9monie virtuelle du Prix du journalisme sur la migration en Afrique de l\u2019Ouest et du Centre, \u00e9dition&nbsp;2021 qui s\u2019est tenue ce mercredi, l\u2019Organisation internationale pour les migrations (OIM) (<a href=\"https:\/\/r.news.africa-wire.com\/mk\/cl\/f\/p_LTGC_oYso0zgnijfPB82C72exRfjtaNRYXkXKH038DT-DhDL-G-bOY3YoLe8nAUnJfJdGbYsQi_TTyLkxgZ_J5rTVnIE3BYuSMeCpqsJOnZwfeKomEAO_2VVA28NG6RBQPor81Azu3X99ma6sOIUM9oixQ8AOy7ygZe4OK1c8KyQLfu7yFXVEZEw\" target=\"_blank\" rel=\"noreferrer noopener\">www.IOM.int<\/a>)&nbsp;se r\u00e9jouit de publier la liste des principaux laur\u00e9ats.<br><br>Faire un choix restreint parmi les meilleurs articles et reportages de l\u2019ann\u00e9e est une t\u00e2che difficile et teint\u00e9e sans doute de subjectivit\u00e9. Cependant, le seul fait de pouvoir lire autant de bons articles est tout aussi enrichissant et gratifiant. D\u2019ailleurs, c\u2019est pour cette raison que le Prix vise \u00e0 promouvoir les reportages de qualit\u00e9 sur des sujets li\u00e9s \u00e0 la migration en Afrique de l\u2019Ouest et du Centre, notamment la migration environnementale, la r\u00e9int\u00e9gration des migrants, la sensibilisation et les alternatives \u00e0 la migration irr\u00e9guli\u00e8re.<br><br>Le concours rend hommage aux journalistes qui mettent en exergue les multiples aspects de la migration en Afrique de l\u2019Ouest et du Centre, en fran\u00e7ais et en anglais. \u00c0 la lumi\u00e8re des discussions pertinentes lors de la COP26, le laur\u00e9at Olatunji Olaigbe souligne dans son article l\u2019impact du changement climatique sur les d\u00e9placements de populations et la mani\u00e8re dont la hausse des temp\u00e9ratures et la s\u00e9cheresse au Nig\u00e9ria ont \u00e9t\u00e9 \u00e0 l\u2019origine de conflits li\u00e9s \u00e0 l\u2019acquisition\/l\u2019acc\u00e8s aux terres, impactant les moyens de subsistance des agriculteurs et les obligeant ainsi \u00e0 se d\u00e9placer. Par ailleurs, la sant\u00e9 mentale et la stigmatisation \u00e0 laquelle sont confront\u00e9s plusieurs migrants de retour dans leur pays d\u2019origine sont \u00e9galement mises en exergue dans l\u2019article prim\u00e9 d\u2019Innocent Duru. Les huit laur\u00e9ats ont \u00e9t\u00e9 annonc\u00e9s lors de la c\u00e9r\u00e9monie virtuelle du Prix, anim\u00e9e par Eleni Giokos, journaliste de CNN. Chaque laur\u00e9at a re\u00e7u une somme allant jusqu\u2019\u00e0 1\u2009250&nbsp;dollars et un certificat de reconnaissance.<br><br>\u00ab\u2009Le r\u00f4le des journalistes dans la compr\u00e9hension des diff\u00e9rents aspects de la migration est crucial. La d\u00e9construction des st\u00e9r\u00e9otypes commence par le changement du narratif qui sous-tend le sentiment anti-migrant et se poursuit par la sensibilisation sur plusieurs aspects. La migration est b\u00e9n\u00e9fique pour les migrants et les communaut\u00e9s d\u2019accueil. Par cons\u00e9quent, les r\u00e9cits li\u00e9s \u00e0 la migration doivent \u00eatre pr\u00e9cis, justes et \u00e9quilibr\u00e9s. C\u2019est essentiel, car cela contribue \u00e0 pr\u00e9server la dignit\u00e9 des migrants\u2009\u00bb, souligne Alpha Seydi Ba, responsable r\u00e9gional des m\u00e9dias et de la communication du Bureau r\u00e9gional pour l\u2019Afrique de l\u2019Ouest et du Centre<br><br>Liste des laur\u00e9ats&nbsp;:<br><br><strong>TH\u00c9MATIQUE&nbsp;: MIGRATION, ENVIRONMENT ET CHANGEMENT CLIMATIQUE<\/strong><\/p>\n\n\n\n<ol class=\"wp-block-list\"><li>Olatunji Olaigbe, journaliste nig\u00e9rian de Vice Nigeria, pour son article en anglais<em> \u00ab\u2009The Climate Crisis Is Driving Violent Conflicts Over Farmland\u2009\u00bb<\/em><\/li><li>Aly Abdelkader Foulaty, blogueur tchadien du r\u00e9seau Mondoblog de RFI pour son article en fran\u00e7ais&nbsp;: <em>\u00ab\u2009\u00c0 cause des inondations, N\u2019Djamena traverse des moments difficiles\u2009\u00bb<\/em><\/li><\/ol>\n\n\n\n<p><strong>TH\u00c9MATIQUE&nbsp;<\/strong><strong>: HISTOIRES DE R\u00c9INT\u00c9GRATION<\/strong><\/p>\n\n\n\n<ol class=\"wp-block-list\"><li>Innocent Duru, journaliste nig\u00e9rian de The Nations Newspaper, pour son article en anglais<em> \u00ab\u2009Our battles with depression, stigmatisation after return from Libya\u2009\u00bb<\/em><\/li><li>Samuel Osei-frempong de Ghana News Agency pour son article en anglais <em>\u00ab\u2009Catholic Relief Services offers renewed hope to returned migrants and at-risk migrant communities\u2009\u00bb<\/em><\/li><li>Hamidou Diop Amadou, Office de Radiodiffusion T\u00e9l\u00e9vision du Niger, pour sa pi\u00e8ce en fran\u00e7ais <em>\u00ab Aneker\u2009L\u2019espoir rena\u00eet\u2009\u00bb<\/em><\/li><\/ol>\n\n\n\n<p><strong>TH\u00c9MATIQUE&nbsp;<\/strong><strong>: SENSIBILISATION ET ALTERNATIVES \u00c0 LA MIGRATION IRR\u00c9GULI\u00c8RE<\/strong><\/p>\n\n\n\n<ol class=\"wp-block-list\"><li>Oyinkansola Adule de TV360 (Nig\u00e9ria) pour sa pi\u00e8ce en anglais <em>\u00ab\u2009Labour Migration During a Pandemic\u2009\u00bb<\/em><\/li><li>Fatou Sagar Diop de Hebdomagazine (S\u00e9n\u00e9gal) pour son article en fran\u00e7ais<em> \u00ab\u2009Migration sud-sud&nbsp;: Opportunit\u00e9s et potentialit\u00e9s \u00e9conomiques en d\u00e9rive\u2009\u00bb<\/em><\/li><li>Chinedu Ekeja, de KU Radio, pour sa pi\u00e8ce en anglais <em>\u00ab&nbsp;Youth in Benin City, Nigeria are picking up skills \u00bb<\/em><\/li><\/ol>\n\n\n\n<p>Pour plus d\u2019information sur les laur\u00e9ats du Prix du journalisme sur la migration en Afrique de l\u2019Ouest et du Centre, \u00e9dition&nbsp;2021, visitez le site&nbsp;: <a href=\"https:\/\/r.news.africa-wire.com\/mk\/cl\/f\/1CkLwjZiCbIw9ErMEgZaJP-2n9VGw_4H2nDqRf7p0g-zZxHJwZ8fpFsiLu7rE0pno4y61xUtviw9MHACsraIlP88iBbkSmyXDNixVJZtLuqqX83Z8_J4YHAgG-XYA5OL8mhwwdwYiqeXBmMDwoZRaD7lp2NEjrPw5dteLxok4KKIWxp5OPoqQec78uh6FDqB\" target=\"_blank\" rel=\"noreferrer noopener\">https:\/\/bit.ly\/3H8WbSY<\/a><br><em>Distribu\u00e9 par APO Group pour International Organization for Migration (IOM).<\/em><\/p>\n","protected":false},"excerpt":{"rendered":"<p>\u00c0 l\u2019issue de la c\u00e9r\u00e9monie virtuelle du Prix du journalisme sur la migration en Afrique de l\u2019Ouest et du Centre, \u00e9dition&nbsp;2021 qui s\u2019est tenue ce mercredi, l\u2019Organisation internationale pour les migrations (OIM) (www.IOM.int)&nbsp;se r\u00e9jouit de publier la liste des principaux laur\u00e9ats. Faire un choix restreint parmi les meilleurs articles et reportages de l\u2019ann\u00e9e est une [&hellip;]<\/p>\n","protected":false},"author":2,"featured_media":9188,"comment_status":"open","ping_status":"open","sticky":false,"template":"","format":"standard","meta":{"footnotes":""},"categories":[24],"tags":[],"class_list":["post-9187","post","type-post","status-publish","format-standard","has-post-thumbnail","hentry","category-societe"],"_links":{"self":[{"href":"https:\/\/www.infoline.ci\/index.php?rest_route=\/wp\/v2\/posts\/9187","targetHints":{"allow":["GET"]}}],"collection":[{"href":"https:\/\/www.infoline.ci\/index.php?rest_route=\/wp\/v2\/posts"}],"about":[{"href":"https:\/\/www.infoline.ci\/index.php?rest_route=\/wp\/v2\/types\/post"}],"author":[{"embeddable":true,"href":"https:\/\/www.infoline.ci\/index.php?rest_route=\/wp\/v2\/users\/2"}],"replies":[{"embeddable":true,"href":"https:\/\/www.infoline.ci\/index.php?rest_route=%2Fwp%2Fv2%2Fcomments&post=9187"}],"version-history":[{"count":1,"href":"https:\/\/www.infoline.ci\/index.php?rest_route=\/wp\/v2\/posts\/9187\/revisions"}],"predecessor-version":[{"id":9189,"href":"https:\/\/www.infoline.ci\/index.php?rest_route=\/wp\/v2\/posts\/9187\/revisions\/9189"}],"wp:featuredmedia":[{"embeddable":true,"href":"https:\/\/www.infoline.ci\/index.php?rest_route=\/wp\/v2\/media\/9188"}],"wp:attachment":[{"href":"https:\/\/www.infoline.ci\/index.php?rest_route=%2Fwp%2Fv2%2Fmedia&parent=9187"}],"wp:term":[{"taxonomy":"category","embeddable":true,"href":"https:\/\/www.infoline.ci\/index.php?rest_route=%2Fwp%2Fv2%2Fcategories&post=9187"},{"taxonomy":"post_tag","embeddable":true,"href":"https:\/\/www.infoline.ci\/index.php?rest_route=%2Fwp%2Fv2%2Ftags&post=9187"}],"curies":[{"name":"wp","href":"https:\/\/api.w.org\/{rel}","templated":true}]}}