{"id":9164,"date":"2021-11-09T15:33:39","date_gmt":"2021-11-09T15:33:39","guid":{"rendered":"http:\/\/www.infoline.ci\/?p=9164"},"modified":"2021-11-09T15:34:47","modified_gmt":"2021-11-09T15:34:47","slug":"grand-bassam-abissa-2021-lassociation-des-cadres-nzima-kon-eyele-offre-des-latrines-aux-populations-du-quartier-france","status":"publish","type":"post","link":"https:\/\/www.infoline.ci\/?p=9164","title":{"rendered":"Grand-Bassam \/ Abissa 2021 : L\u2019Association des cadres  N\u2019zima Kon  \u00cay\u00eal\u00ea offre des latrines aux populations du Quartier France"},"content":{"rendered":"\n<p>A l\u2019occasion de la f\u00eate de r\u00e9jouissance des N\u2019Zima K\u00f4t\u00f4k\u00f4 de C\u00f4te d\u2019ivoire, l\u2019Association des cadres N\u2019Zima a laiss\u00e9 une encre ind\u00e9l\u00e9bile pendant l\u2019Abissa 2021.<\/p>\n\n\n\n<p>En effet, le 5eme jour de l\u2019Abissa 2021 d\u00e9di\u00e9 aux forces vives du peuple N\u2019Zima, la pr\u00e9sidente des cadres N\u2019Zima, Me Linda Diplo et l\u2019Association Kon \u00cby\u00eal\u00ea ont enlev\u00e9 &nbsp;des \u00e9pines des pieds des populations du quartier France.&nbsp; L\u2019Association des cadres N\u2019Zima a r\u00e9habilit\u00e9 plusieurs latrines.<\/p>\n\n\n\n<p>\u00ab&nbsp;Pour ce nouvel an&nbsp; chez nous &nbsp;N\u2019zima, les choses s\u2019annoncent bien au quartier France. Nous avons&nbsp; r\u00e9habilit\u00e9 quatre latrines. &nbsp;Et ce 5eme jour de l\u2019Abissa nous &nbsp;proc\u00e9dons \u00e0 la remise de ces latrines aux populations du Quartier France. Certes, y avait un besoin primaire, mais, tout de m\u00eame &nbsp;nous avons d\u00e9cid\u00e9 de le faire pour nos populations. Pour &nbsp;les &nbsp;quatre autres &nbsp;latrines nous allons le financement, elles seront &nbsp;r\u00e9habilit\u00e9es dans les jours \u00e0 venir. &nbsp;.\u00bb A indiqu\u00e9 la pr\u00e9sidente de Kon \u00cay\u00eal\u00ea, Me Linda Diplo, qui a pr\u00e9cis\u00e9 que le projet a \u00e9t\u00e9 pilot\u00e9 par la s\u00e9natrice du Sud-Como\u00e9 Marie Richmond et financ\u00e9 par la BSIC Banque C\u00f4te d\u2019Ivoire.<\/p>\n\n\n\n<p>Profitant de l\u2019occasion, la pr\u00e9sidente de KON \u00caY\u00caL\u00ca&nbsp; a pr\u00e9sente ses v\u0153ux de bonheur et&nbsp; de sant\u00e9 de sa structure aux nombreuses&nbsp; populations du Quartier France qui abrite le si\u00e8ge de la royaut\u00e9 N\u2019zima en C\u00f4te d\u2019Ivoire. &nbsp;&nbsp;&nbsp;<\/p>\n\n\n\n<p>Dans son adresse, Charles Fiberesima, directeur g\u00e9n\u00e9ral adjoint de la BSIC Banque C\u00f4te d\u2019Ivoire, au nom du directeur g\u00e9n\u00e9ral, a exprim\u00e9 sa gratitude&nbsp; et a pr\u00e9cis\u00e9 que &nbsp;son entreprise &nbsp;s\u2019engagement \u00e0 accompagner les actions de bienfaisance de l\u2019Association &nbsp;KON \u00caY\u00caL\u00ca.<\/p>\n\n\n\n<p>Eb\u00e9 Paul Marie, pr\u00e9sident des jeunes N\u2019Zima K\u00f4t\u00f4k\u00f4 de C\u00f4te d\u2019ivoire&nbsp; a &nbsp;au nom des b\u00e9n\u00e9ficiaires, &nbsp;a dit sa reconnaissance &nbsp;aux cadres N\u2019Zima &nbsp;et &nbsp;\u00e0 ses partenaires pour cette r\u00e9habilitation des latrines datant de l\u2019\u00e9poque coloniale. &nbsp;Il a promis &nbsp;la bonne gestion de ces latrines.<\/p>\n\n\n\n<p>Notons que, cette 5<sup>e<\/sup> &nbsp;journ\u00e9e de l\u2019AbISSA 2021 dont le &nbsp;th\u00e8me: \u00ab L&rsquo;Abissa, un creuset de valeurs et d&rsquo;espoir \u00bb a \u00e9t\u00e9 meuble au palais royal en pr\u00e9sence du Roi des N\u2019ZIMA de C\u00f4te d\u2019ivoire &nbsp;Sa Majest\u00e9 Awoulae Tano\u00e9 &nbsp;&nbsp;une c\u00e9r\u00e9monie de distinction&nbsp; des partenaires de l\u2019Association Abissa.<\/p>\n\n\n\n<p>C\u2019est dans cette veine l\u2019Association N\u2019zima Kon \u00cay\u00eal\u00ea a \u00e9t\u00e9 distingu\u00e9e pour ses projets de d\u00e9veloppement, par l\u2019Association Abissa.<\/p>\n\n\n\n<p>Pr\u00e9cisons que la journ\u00e9e des forces vives &nbsp;a pris fin par une grande parade, et l\u2019entr\u00e9e de toutes les forces vives&nbsp; \u00e0 la place Abissa o\u00f9 des d\u00e9monstrations de pas de danse ont ex\u00e9cut\u00e9es au rythme de l\u2019Edo N\u2019gbol\u00e9.<\/p>\n\n\n\n<p>Carlos All\u00e9luia<\/p>\n\n\n\n<figure class=\"wp-block-gallery columns-3 is-cropped wp-block-gallery-1 is-layout-flex wp-block-gallery-is-layout-flex\"><ul class=\"blocks-gallery-grid\"><li class=\"blocks-gallery-item\"><figure><img loading=\"lazy\" decoding=\"async\" width=\"1024\" height=\"768\" src=\"http:\/\/www.infoline.ci\/wp-content\/uploads\/2021\/11\/IMG_20211104_095404_106-1024x768.jpg\" alt=\"\" data-id=\"9166\" data-full-url=\"http:\/\/www.infoline.ci\/wp-content\/uploads\/2021\/11\/IMG_20211104_095404_106-scaled.jpg\" data-link=\"http:\/\/www.infoline.ci\/?attachment_id=9166\" class=\"wp-image-9166\" srcset=\"https:\/\/www.infoline.ci\/wp-content\/uploads\/2021\/11\/IMG_20211104_095404_106-1024x768.jpg 1024w, https:\/\/www.infoline.ci\/wp-content\/uploads\/2021\/11\/IMG_20211104_095404_106-300x225.jpg 300w, https:\/\/www.infoline.ci\/wp-content\/uploads\/2021\/11\/IMG_20211104_095404_106-768x576.jpg 768w, https:\/\/www.infoline.ci\/wp-content\/uploads\/2021\/11\/IMG_20211104_095404_106-1536x1152.jpg 1536w, https:\/\/www.infoline.ci\/wp-content\/uploads\/2021\/11\/IMG_20211104_095404_106-2048x1536.jpg 2048w, https:\/\/www.infoline.ci\/wp-content\/uploads\/2021\/11\/IMG_20211104_095404_106-80x60.jpg 80w, https:\/\/www.infoline.ci\/wp-content\/uploads\/2021\/11\/IMG_20211104_095404_106-265x198.jpg 265w, https:\/\/www.infoline.ci\/wp-content\/uploads\/2021\/11\/IMG_20211104_095404_106-696x522.jpg 696w, https:\/\/www.infoline.ci\/wp-content\/uploads\/2021\/11\/IMG_20211104_095404_106-1068x801.jpg 1068w, https:\/\/www.infoline.ci\/wp-content\/uploads\/2021\/11\/IMG_20211104_095404_106-560x420.jpg 560w\" sizes=\"auto, (max-width: 1024px) 100vw, 1024px\" \/><\/figure><\/li><li class=\"blocks-gallery-item\"><figure><img loading=\"lazy\" decoding=\"async\" width=\"1024\" height=\"768\" src=\"http:\/\/www.infoline.ci\/wp-content\/uploads\/2021\/11\/IMG_20211104_114120_295-1024x768.jpg\" alt=\"\" data-id=\"9167\" data-full-url=\"http:\/\/www.infoline.ci\/wp-content\/uploads\/2021\/11\/IMG_20211104_114120_295-scaled.jpg\" data-link=\"http:\/\/www.infoline.ci\/?attachment_id=9167\" class=\"wp-image-9167\" srcset=\"https:\/\/www.infoline.ci\/wp-content\/uploads\/2021\/11\/IMG_20211104_114120_295-1024x768.jpg 1024w, https:\/\/www.infoline.ci\/wp-content\/uploads\/2021\/11\/IMG_20211104_114120_295-300x225.jpg 300w, https:\/\/www.infoline.ci\/wp-content\/uploads\/2021\/11\/IMG_20211104_114120_295-768x576.jpg 768w, https:\/\/www.infoline.ci\/wp-content\/uploads\/2021\/11\/IMG_20211104_114120_295-1536x1152.jpg 1536w, https:\/\/www.infoline.ci\/wp-content\/uploads\/2021\/11\/IMG_20211104_114120_295-2048x1536.jpg 2048w, https:\/\/www.infoline.ci\/wp-content\/uploads\/2021\/11\/IMG_20211104_114120_295-80x60.jpg 80w, https:\/\/www.infoline.ci\/wp-content\/uploads\/2021\/11\/IMG_20211104_114120_295-265x198.jpg 265w, https:\/\/www.infoline.ci\/wp-content\/uploads\/2021\/11\/IMG_20211104_114120_295-696x522.jpg 696w, https:\/\/www.infoline.ci\/wp-content\/uploads\/2021\/11\/IMG_20211104_114120_295-1068x801.jpg 1068w, https:\/\/www.infoline.ci\/wp-content\/uploads\/2021\/11\/IMG_20211104_114120_295-560x420.jpg 560w\" sizes=\"auto, (max-width: 1024px) 100vw, 1024px\" \/><\/figure><\/li><li class=\"blocks-gallery-item\"><figure><img loading=\"lazy\" decoding=\"async\" width=\"1024\" height=\"768\" src=\"http:\/\/www.infoline.ci\/wp-content\/uploads\/2021\/11\/IMG_20211104_093654_239-1024x768.jpg\" alt=\"\" data-id=\"9168\" data-full-url=\"http:\/\/www.infoline.ci\/wp-content\/uploads\/2021\/11\/IMG_20211104_093654_239-scaled.jpg\" data-link=\"http:\/\/www.infoline.ci\/?attachment_id=9168\" class=\"wp-image-9168\" srcset=\"https:\/\/www.infoline.ci\/wp-content\/uploads\/2021\/11\/IMG_20211104_093654_239-1024x768.jpg 1024w, https:\/\/www.infoline.ci\/wp-content\/uploads\/2021\/11\/IMG_20211104_093654_239-300x225.jpg 300w, https:\/\/www.infoline.ci\/wp-content\/uploads\/2021\/11\/IMG_20211104_093654_239-768x576.jpg 768w, https:\/\/www.infoline.ci\/wp-content\/uploads\/2021\/11\/IMG_20211104_093654_239-1536x1152.jpg 1536w, https:\/\/www.infoline.ci\/wp-content\/uploads\/2021\/11\/IMG_20211104_093654_239-2048x1536.jpg 2048w, https:\/\/www.infoline.ci\/wp-content\/uploads\/2021\/11\/IMG_20211104_093654_239-80x60.jpg 80w, https:\/\/www.infoline.ci\/wp-content\/uploads\/2021\/11\/IMG_20211104_093654_239-265x198.jpg 265w, https:\/\/www.infoline.ci\/wp-content\/uploads\/2021\/11\/IMG_20211104_093654_239-696x522.jpg 696w, https:\/\/www.infoline.ci\/wp-content\/uploads\/2021\/11\/IMG_20211104_093654_239-1068x801.jpg 1068w, https:\/\/www.infoline.ci\/wp-content\/uploads\/2021\/11\/IMG_20211104_093654_239-560x420.jpg 560w\" sizes=\"auto, (max-width: 1024px) 100vw, 1024px\" \/><\/figure><\/li><\/ul><\/figure>\n","protected":false},"excerpt":{"rendered":"<p>A l\u2019occasion de la f\u00eate de r\u00e9jouissance des N\u2019Zima K\u00f4t\u00f4k\u00f4 de C\u00f4te d\u2019ivoire, l\u2019Association des cadres N\u2019Zima a laiss\u00e9 une encre ind\u00e9l\u00e9bile pendant l\u2019Abissa 2021. En effet, le 5eme jour de l\u2019Abissa 2021 d\u00e9di\u00e9 aux forces vives du peuple N\u2019Zima, la pr\u00e9sidente des cadres N\u2019Zima, Me Linda Diplo et l\u2019Association Kon \u00cby\u00eal\u00ea ont enlev\u00e9 &nbsp;des [&hellip;]<\/p>\n","protected":false},"author":2,"featured_media":9165,"comment_status":"open","ping_status":"open","sticky":false,"template":"","format":"standard","meta":{"footnotes":""},"categories":[19],"tags":[],"class_list":["post-9164","post","type-post","status-publish","format-standard","has-post-thumbnail","hentry","category-culture"],"_links":{"self":[{"href":"https:\/\/www.infoline.ci\/index.php?rest_route=\/wp\/v2\/posts\/9164","targetHints":{"allow":["GET"]}}],"collection":[{"href":"https:\/\/www.infoline.ci\/index.php?rest_route=\/wp\/v2\/posts"}],"about":[{"href":"https:\/\/www.infoline.ci\/index.php?rest_route=\/wp\/v2\/types\/post"}],"author":[{"embeddable":true,"href":"https:\/\/www.infoline.ci\/index.php?rest_route=\/wp\/v2\/users\/2"}],"replies":[{"embeddable":true,"href":"https:\/\/www.infoline.ci\/index.php?rest_route=%2Fwp%2Fv2%2Fcomments&post=9164"}],"version-history":[{"count":1,"href":"https:\/\/www.infoline.ci\/index.php?rest_route=\/wp\/v2\/posts\/9164\/revisions"}],"predecessor-version":[{"id":9169,"href":"https:\/\/www.infoline.ci\/index.php?rest_route=\/wp\/v2\/posts\/9164\/revisions\/9169"}],"wp:featuredmedia":[{"embeddable":true,"href":"https:\/\/www.infoline.ci\/index.php?rest_route=\/wp\/v2\/media\/9165"}],"wp:attachment":[{"href":"https:\/\/www.infoline.ci\/index.php?rest_route=%2Fwp%2Fv2%2Fmedia&parent=9164"}],"wp:term":[{"taxonomy":"category","embeddable":true,"href":"https:\/\/www.infoline.ci\/index.php?rest_route=%2Fwp%2Fv2%2Fcategories&post=9164"},{"taxonomy":"post_tag","embeddable":true,"href":"https:\/\/www.infoline.ci\/index.php?rest_route=%2Fwp%2Fv2%2Ftags&post=9164"}],"curies":[{"name":"wp","href":"https:\/\/api.w.org\/{rel}","templated":true}]}}