{"id":9094,"date":"2021-10-11T14:23:57","date_gmt":"2021-10-11T14:23:57","guid":{"rendered":"http:\/\/www.infoline.ci\/?p=9094"},"modified":"2021-10-11T14:23:59","modified_gmt":"2021-10-11T14:23:59","slug":"developpement-durable-jean-pierre-kouam-plaide-pour-lenergie-solaire-dans-les-batiments","status":"publish","type":"post","link":"https:\/\/www.infoline.ci\/?p=9094","title":{"rendered":"D\u00e9veloppement durable\/ Jean-Pierre Kouam plaide pour l\u2019\u00e9nergie solaire dans les b\u00e2timents"},"content":{"rendered":"\n<p><strong>\u00a0<\/strong><\/p>\n\n\n\n<p><strong>C\u2019\u00e9tait au cours de sa soutenance de m\u00e9moire de master professionnel \u00e0 la Chaire Unesco de l\u2019Universit\u00e9 l\u2019Universit\u00e9 F\u00e9lix Houphou\u00ebt-Boigny d\u2019Abidjan, le 7 octobre 2021.<\/strong><\/p>\n\n\n\n<p>\u00ab&nbsp;L\u2019impact des \u00e9nergies renouvelables sur le d\u00e9veloppement durable&nbsp;: cas de l\u2019\u00e9nergie solaire dans les b\u00e2timents&nbsp;\u00bb, c\u2019est le th\u00e8me d\u00e9velopp\u00e9 par le candidat Jean-Pierre Kouam le 7 octobre 2021 au cours de la soutenance de m\u00e9moire du master professionnel en maintenance et gestion des syst\u00e8mes frigorifiques et thermiques. Rappelons que dans le cadre des objectifs du d\u00e9veloppement durables (ODD) adopt\u00e9s par les Nations Unies en 2015, ce th\u00e8me fait partie de l\u2019ODD 7 qui stipule qu\u2019il faut \u00ab&nbsp;garantir l\u2019acc\u00e8s de tous \u00e0 des services \u00e9nerg\u00e9tiques fiables, durables et modernes, \u00e0 un co\u00fbt abordable&nbsp;\u00bb La C\u00f4te d\u2019ivoire ayant sign\u00e9 et ratifi\u00e9 les accords visant les atteintes de ces ODD, Jean-Pierre Kouam recommande que le pays s\u2019engage \u00e0 favoriser l\u2019installation dans les m\u00e9nages de l\u2019\u00e9nergie solaire, car diverses opportunit\u00e9s y sont li\u00e9es, \u00e0 savoir : lutter contre le changement climatique bien s\u00fbr, mais aussi d\u00e9velopper les emplois, les logements, les connexions, la s\u00e9curit\u00e9, la production de nourriture, etc. En somme, une aubaine qui va transformer les vies, les \u00e9conomies et la plan\u00e8te, de mani\u00e8re positive.&nbsp; &nbsp;<\/p>\n\n\n\n<p><strong>La promotion de l\u2019utilisation de l\u2019\u00e9nergie solaire est vitale pour la C\u00f4te d\u2019Ivoire<\/strong><\/p>\n\n\n\n<p>Cadre de l\u2019entreprise Bouygues depuis 11 ans, ing\u00e9nieur en \u00e9nerg\u00e9tique, Jean-Pierre Kouam a eu comme encadreur au cours de ses recherches le Dr D\u00e9sir\u00e9 Assoi Yapi, maitre des conf\u00e9rences, enseignant-chercheur \u00e0 l\u2019Universit\u00e9 Nangui Abrogoua. Pendant un quart d\u2019heure, il a expos\u00e9 le fruit de ses recherches au jury, dont les membres \u00e9taient&nbsp;le Pr Emeruwa Edjilk\u00e9m\u00e9 (pr\u00e9sident du jury), le Dr Kambir\u00e9 B\u00e9b\u00e9 (examinateur) et son encadreur. Ainsi donc, de juillet 2020 \u00e0 mai 2021, le postulant a men\u00e9 des recherches dans les zones de Cocody, Bingerville et Abobo Baoul\u00e9. \u00ab&nbsp;Quels sont les facteurs explicatifs de la faible utilisation de l\u2019\u00e9nergie solaire dans le district d\u2019Abidjan ?&nbsp;\u00bb, \u00e9tait la question g\u00e9n\u00e9rale pos\u00e9e aux personnes rencontr\u00e9es. &nbsp;\u00ab&nbsp;En ce qui concerne les techniques de recueil des donn\u00e9es, elles ont concern\u00e9 l\u2019\u00e9tude documentaire, l\u2019observation, le questionnaire et l\u2019entretien. Les donn\u00e9es collect\u00e9es ont fait l\u2019objet d\u2019une analyse mixte combinant les aspects qualitatifs et quantitatifs&nbsp;\u00bb, a indiqu\u00e9 le postulant. Au total, 384 m\u00e9nages repr\u00e9sentant les zones cibl\u00e9es, ont \u00e9t\u00e9 associ\u00e9s \u00e0 l\u2019\u00e9chantillonnage de l\u2019\u00e9tude, ainsi que 13 entreprises exer\u00e7ant dans le domaine de l\u2019\u00e9nergie solaire. Huit institutions ont compl\u00e9t\u00e9 cet \u00e9chantillonnage. Il en ressort encore que seulement 8% des personnes vivant dans ces zones, consomment de l\u2019\u00e9nergie solaire&nbsp;; ce qui explique une d\u00e9pendance \u00e0 la production d\u2019\u00e9lectricit\u00e9 au moyen de gaz naturel (1320MW) et d\u2019\u00e9nergie hydraulique (879 MW) et une augmentation sans cesse croissante de la demande en \u00e9nergie. &nbsp;<\/p>\n\n\n\n<p>Des personnes interrog\u00e9es, 42 % d\u2019entre elles ne sont pas inform\u00e9es au sujet de l\u2019\u00e9nergie solaire&nbsp;; par contre 90% des personnes rencontr\u00e9es, ont d\u00e9j\u00e0 entendu parler de l\u2019\u00e9nergie solaire. &nbsp;Pourtant, souligne l\u2019ing\u00e9nieur en \u00e9nerg\u00e9tique, \u00ab&nbsp;le potentiel solaire de 2 \u00e0 6kWh\/m\u00b2\/jour est non exploit\u00e9&nbsp;\u00bb. Il pointe aussi du doigt \u00ab&nbsp;l\u2019absence du cadre r\u00e8glementaire et des statistiques dans le domaine solaire et une faible pr\u00e9sence des \u00e9quipements solaires dans le district d\u2019Abidjan&nbsp;\u00bb Un autre probl\u00e8me se pose, assez important, c\u2019est celui du \u00ab&nbsp;personnel non qualifi\u00e9 pour faire face \u00e0 l\u2019\u00e9nergie solaire.&nbsp;\u00bb C\u2019est la raison pour laquelle plusieurs recommandations ont \u00e9t\u00e9 \u00e9mises. \u00ab&nbsp;Favoriser les investissements dans le secteur de l\u2019\u00e9nergie solaire&nbsp;; am\u00e9liorer la formation, la recherche et d\u00e9veloppement dans le secteur de l\u2019\u00e9nergie solaire&nbsp;; initier des campagnes de sensibilisation&nbsp;; acc\u00e9l\u00e9rer la mise en \u0153uvre du cadre r\u00e8glementaire&nbsp;\u00bb, a plaid\u00e9 Jean-Pierre Kouam.<\/p>\n\n\n\n<p>A la suite des \u00e9changes tr\u00e8s fructueux entre le candidat et les membres du jury, il y a lieu de retenir que la promotion de l\u2019utilisation de l\u2019\u00e9nergie solaire est vitale pour la C\u00f4te d\u2019Ivoire. Le Dr D\u00e9sir\u00e9 Assoi Yapi abondera dans le m\u00eame sens, en soulignant la n\u00e9cessit\u00e9 \u00ab\u00a0d\u2019int\u00e9grer l\u2019\u00e9nergie solaire \u00e0 nos modes de vie, afin de lutter contre le changement climatique\u00a0\u00bb C\u2019est au pr\u00e9sident du jury qu\u2019est revenu le dernier mot, apr\u00e8s une concertation avec ses coll\u00e8gues, il a d\u00e9clar\u00e9 que le candidat Jean-Pierre Kouam avait obtenu au final la mention \u00ab\u00a0Tr\u00e8s bien\u00a0\u00bb.<\/p>\n\n\n\n<p><strong>Serge Hengoup<\/strong><\/p>\n\n\n\n<figure class=\"wp-block-gallery columns-3 is-cropped wp-block-gallery-1 is-layout-flex wp-block-gallery-is-layout-flex\"><ul class=\"blocks-gallery-grid\"><li class=\"blocks-gallery-item\"><figure><img loading=\"lazy\" decoding=\"async\" width=\"1024\" height=\"768\" src=\"http:\/\/www.infoline.ci\/wp-content\/uploads\/2021\/10\/JP2-1024x768.jpeg\" alt=\"\" data-id=\"9096\" data-link=\"http:\/\/www.infoline.ci\/?attachment_id=9096\" class=\"wp-image-9096\" srcset=\"https:\/\/www.infoline.ci\/wp-content\/uploads\/2021\/10\/JP2-1024x768.jpeg 1024w, https:\/\/www.infoline.ci\/wp-content\/uploads\/2021\/10\/JP2-300x225.jpeg 300w, https:\/\/www.infoline.ci\/wp-content\/uploads\/2021\/10\/JP2-768x576.jpeg 768w, https:\/\/www.infoline.ci\/wp-content\/uploads\/2021\/10\/JP2-80x60.jpeg 80w, https:\/\/www.infoline.ci\/wp-content\/uploads\/2021\/10\/JP2-265x198.jpeg 265w, https:\/\/www.infoline.ci\/wp-content\/uploads\/2021\/10\/JP2-696x522.jpeg 696w, https:\/\/www.infoline.ci\/wp-content\/uploads\/2021\/10\/JP2-1068x801.jpeg 1068w, https:\/\/www.infoline.ci\/wp-content\/uploads\/2021\/10\/JP2-560x420.jpeg 560w, https:\/\/www.infoline.ci\/wp-content\/uploads\/2021\/10\/JP2.jpeg 1080w\" sizes=\"auto, (max-width: 1024px) 100vw, 1024px\" \/><\/figure><\/li><li class=\"blocks-gallery-item\"><figure><img loading=\"lazy\" decoding=\"async\" width=\"1024\" height=\"768\" src=\"http:\/\/www.infoline.ci\/wp-content\/uploads\/2021\/10\/JP1-1024x768.jpeg\" alt=\"\" data-id=\"9097\" data-link=\"http:\/\/www.infoline.ci\/?attachment_id=9097\" class=\"wp-image-9097\" srcset=\"https:\/\/www.infoline.ci\/wp-content\/uploads\/2021\/10\/JP1-1024x768.jpeg 1024w, https:\/\/www.infoline.ci\/wp-content\/uploads\/2021\/10\/JP1-300x225.jpeg 300w, https:\/\/www.infoline.ci\/wp-content\/uploads\/2021\/10\/JP1-768x576.jpeg 768w, https:\/\/www.infoline.ci\/wp-content\/uploads\/2021\/10\/JP1-80x60.jpeg 80w, https:\/\/www.infoline.ci\/wp-content\/uploads\/2021\/10\/JP1-265x198.jpeg 265w, https:\/\/www.infoline.ci\/wp-content\/uploads\/2021\/10\/JP1-696x522.jpeg 696w, https:\/\/www.infoline.ci\/wp-content\/uploads\/2021\/10\/JP1-1068x801.jpeg 1068w, https:\/\/www.infoline.ci\/wp-content\/uploads\/2021\/10\/JP1-560x420.jpeg 560w, https:\/\/www.infoline.ci\/wp-content\/uploads\/2021\/10\/JP1.jpeg 1080w\" sizes=\"auto, (max-width: 1024px) 100vw, 1024px\" \/><\/figure><\/li><li class=\"blocks-gallery-item\"><figure><img loading=\"lazy\" decoding=\"async\" width=\"1024\" height=\"768\" src=\"http:\/\/www.infoline.ci\/wp-content\/uploads\/2021\/10\/JP-KOUAM-1-1024x768.jpg\" alt=\"\" data-id=\"9098\" data-full-url=\"http:\/\/www.infoline.ci\/wp-content\/uploads\/2021\/10\/JP-KOUAM-1-scaled.jpg\" data-link=\"http:\/\/www.infoline.ci\/?attachment_id=9098\" class=\"wp-image-9098\" srcset=\"https:\/\/www.infoline.ci\/wp-content\/uploads\/2021\/10\/JP-KOUAM-1-1024x768.jpg 1024w, https:\/\/www.infoline.ci\/wp-content\/uploads\/2021\/10\/JP-KOUAM-1-300x225.jpg 300w, https:\/\/www.infoline.ci\/wp-content\/uploads\/2021\/10\/JP-KOUAM-1-768x576.jpg 768w, https:\/\/www.infoline.ci\/wp-content\/uploads\/2021\/10\/JP-KOUAM-1-1536x1152.jpg 1536w, https:\/\/www.infoline.ci\/wp-content\/uploads\/2021\/10\/JP-KOUAM-1-2048x1536.jpg 2048w, https:\/\/www.infoline.ci\/wp-content\/uploads\/2021\/10\/JP-KOUAM-1-80x60.jpg 80w, https:\/\/www.infoline.ci\/wp-content\/uploads\/2021\/10\/JP-KOUAM-1-265x198.jpg 265w, https:\/\/www.infoline.ci\/wp-content\/uploads\/2021\/10\/JP-KOUAM-1-696x522.jpg 696w, https:\/\/www.infoline.ci\/wp-content\/uploads\/2021\/10\/JP-KOUAM-1-1068x801.jpg 1068w, https:\/\/www.infoline.ci\/wp-content\/uploads\/2021\/10\/JP-KOUAM-1-560x420.jpg 560w\" sizes=\"auto, (max-width: 1024px) 100vw, 1024px\" \/><\/figure><\/li><\/ul><\/figure>\n\n\n\n<p>\u00a0\u00a0\u00a0\u00a0\u00a0\u00a0\u00a0\u00a0\u00a0\u00a0\u00a0\u00a0\u00a0\u00a0\u00a0\u00a0\u00a0\u00a0\u00a0\u00a0\u00a0\u00a0\u00a0\u00a0\u00a0\u00a0\u00a0\u00a0\u00a0\u00a0\u00a0\u00a0\u00a0\u00a0\u00a0\u00a0\u00a0\u00a0\u00a0\u00a0\u00a0\u00a0\u00a0\u00a0\u00a0\u00a0\u00a0\u00a0\u00a0\u00a0\u00a0\u00a0\u00a0\u00a0\u00a0\u00a0\u00a0\u00a0\u00a0\u00a0\u00a0\u00a0\u00a0\u00a0\u00a0\u00a0\u00a0\u00a0\u00a0\u00a0\u00a0\u00a0\u00a0\u00a0\u00a0\u00a0\u00a0\u00a0\u00a0\u00a0\u00a0\u00a0\u00a0\u00a0\u00a0\u00a0\u00a0\u00a0\u00a0\u00a0\u00a0\u00a0\u00a0\u00a0\u00a0\u00a0\u00a0\u00a0\u00a0\u00a0\u00a0\u00a0\u00a0\u00a0\u00a0\u00a0\u00a0\u00a0\u00a0\u00a0\u00a0\u00a0\u00a0\u00a0 <\/p>\n","protected":false},"excerpt":{"rendered":"<p>\u00a0 C\u2019\u00e9tait au cours de sa soutenance de m\u00e9moire de master professionnel \u00e0 la Chaire Unesco de l\u2019Universit\u00e9 l\u2019Universit\u00e9 F\u00e9lix Houphou\u00ebt-Boigny d\u2019Abidjan, le 7 octobre 2021. \u00ab&nbsp;L\u2019impact des \u00e9nergies renouvelables sur le d\u00e9veloppement durable&nbsp;: cas de l\u2019\u00e9nergie solaire dans les b\u00e2timents&nbsp;\u00bb, c\u2019est le th\u00e8me d\u00e9velopp\u00e9 par le candidat Jean-Pierre Kouam le 7 octobre 2021 au [&hellip;]<\/p>\n","protected":false},"author":2,"featured_media":9095,"comment_status":"open","ping_status":"open","sticky":false,"template":"","format":"standard","meta":{"footnotes":""},"categories":[24],"tags":[],"class_list":["post-9094","post","type-post","status-publish","format-standard","has-post-thumbnail","hentry","category-societe"],"_links":{"self":[{"href":"https:\/\/www.infoline.ci\/index.php?rest_route=\/wp\/v2\/posts\/9094","targetHints":{"allow":["GET"]}}],"collection":[{"href":"https:\/\/www.infoline.ci\/index.php?rest_route=\/wp\/v2\/posts"}],"about":[{"href":"https:\/\/www.infoline.ci\/index.php?rest_route=\/wp\/v2\/types\/post"}],"author":[{"embeddable":true,"href":"https:\/\/www.infoline.ci\/index.php?rest_route=\/wp\/v2\/users\/2"}],"replies":[{"embeddable":true,"href":"https:\/\/www.infoline.ci\/index.php?rest_route=%2Fwp%2Fv2%2Fcomments&post=9094"}],"version-history":[{"count":1,"href":"https:\/\/www.infoline.ci\/index.php?rest_route=\/wp\/v2\/posts\/9094\/revisions"}],"predecessor-version":[{"id":9099,"href":"https:\/\/www.infoline.ci\/index.php?rest_route=\/wp\/v2\/posts\/9094\/revisions\/9099"}],"wp:featuredmedia":[{"embeddable":true,"href":"https:\/\/www.infoline.ci\/index.php?rest_route=\/wp\/v2\/media\/9095"}],"wp:attachment":[{"href":"https:\/\/www.infoline.ci\/index.php?rest_route=%2Fwp%2Fv2%2Fmedia&parent=9094"}],"wp:term":[{"taxonomy":"category","embeddable":true,"href":"https:\/\/www.infoline.ci\/index.php?rest_route=%2Fwp%2Fv2%2Fcategories&post=9094"},{"taxonomy":"post_tag","embeddable":true,"href":"https:\/\/www.infoline.ci\/index.php?rest_route=%2Fwp%2Fv2%2Ftags&post=9094"}],"curies":[{"name":"wp","href":"https:\/\/api.w.org\/{rel}","templated":true}]}}