{"id":8896,"date":"2021-09-09T12:47:30","date_gmt":"2021-09-09T12:47:30","guid":{"rendered":"http:\/\/www.infoline.ci\/?p=8896"},"modified":"2021-09-09T12:47:31","modified_gmt":"2021-09-09T12:47:31","slug":"eglise-adventiste-du-7e-jour-de-cote-divoire","status":"publish","type":"post","link":"https:\/\/www.infoline.ci\/?p=8896","title":{"rendered":"\u00c9GLISE ADVENTISTE DU 7e JOUR de C\u00f4te d&rsquo;ivoire"},"content":{"rendered":"\n<p><\/p>\n\n\n\n<p><strong><u>LE VERSET DU SABBAT<\/u><\/strong> <strong><u><\/u><\/strong><\/p>\n\n\n\n<p>\u00abJ\u00e9rusalem est entour\u00e9e de montagnes&nbsp;; de m\u00eame le Seigneur entoure son peuple, d\u00e8s maintenant et pour toujours.\u00bb Psaumes <strong>125&nbsp;: 2<\/strong><\/p>\n\n\n\n<p><strong><u>VIE FAMILIALE<\/u><\/strong><\/p>\n\n\n\n<p>&nbsp;&nbsp;&nbsp;&nbsp;&nbsp;&nbsp;&nbsp;&nbsp;&nbsp;&nbsp;&nbsp;&nbsp;&nbsp;&nbsp;&nbsp; Ci-joint le document de la semaine de la Vie Familiale du 05 au 11 septembre 2021.<\/p>\n\n\n\n<p><strong><u>EVANGELISATION<\/u><\/strong><\/p>\n\n\n\n<p>Il ne nous reste plus que 4 mois pour finir l&rsquo;ann\u00e9e 2021<\/p>\n\n\n\n<p>. Nous avons des objectifs au niveau de l\u2019\u00e9vang\u00e9lisation \u00e0 atteindre. Je vous lance un appel afin que nous puissions disposer nos bras et nos c\u0153urs pour l&rsquo;\u00e9vang\u00e9lisation. Selon le calendrier d&rsquo;activit\u00e9s de notre F\u00e9d\u00e9ration, nous avons deux mouvements \u00e9vang\u00e9liques pour les prochains mois.<\/p>\n\n\n\n<ul class=\"wp-block-list\"><li><strong>Du 18 Septembre au 02 octobre 2021&nbsp;: Campagnes O\u00efkos.<\/strong><\/li><li><strong>Le 23 octobre 2021&nbsp;: Bapt\u00eame d&rsquo;\u00e9closion.<\/strong><\/li><\/ul>\n\n\n\n<p>Nous prions les pasteurs, les anciens, et les directeurs MP de veiller sur ces dates.<\/p>\n\n\n\n<p><strong><u>NB<\/u><\/strong>&nbsp;: Une recommandation&nbsp;: Pour le bapt\u00eame d&rsquo;\u00e9closion, je vous conseille d\u00e8s maintenant, de pr\u00e9parer les candidats. Mettre \u00e9galement sur pied une classe baptismale pour nos enfants afin de bien les pr\u00e9parer. Merci et que Dieu nous dispose \u00e0 faire Son \u0152uvre. Pasteur Da Silva, Responsable de l\u2019\u00c9vang\u00e9lisation de la F\u00e9d\u00e9ration.<\/p>\n\n\n\n<p><strong><u>EDUCATION<\/u><\/strong><\/p>\n\n\n\n<p>Le DISTRICT ABIDJAN 2 invite tous les membres des \u00e9glises et groupes \u00e0 la 12<sup>\u00e8me<\/sup> \u00e9dition de <strong><em>la Journ\u00e9e de l\u2019Excellence. Elle est plac\u00e9e sous le parrainage du Fr\u00e8re KONAN MARC TOUPLEGNE, Administrateur des Services Financiers.<\/em><\/strong><\/p>\n\n\n\n<ul class=\"wp-block-list\"><li><strong>Date&nbsp;: ce dimanche 12 septembre 2021<\/strong> de 09h \u00e0 12heures<\/li><li><strong>Lieu&nbsp;: \u00e9glise de Cocody Philadelphie<\/strong><\/li><\/ul>\n\n\n\n<p>Au programme: Chants, exhortation, conseils sant\u00e9, Conf\u00e9rence sur le th\u00e8me \u00ab\u00a0L\u2019Excellence, gage d\u2019un d\u00e9veloppement durable\u00a0\u00bb, Remise de prix aux meilleurs \u00e9l\u00e8ves et \u00e9tudiants.&nbsp; Mobilisons-nous pour faire de cette grande f\u00eate une r\u00e9ussite pour la gloire de notre DIEU. Pour toute information, Appeler&nbsp;aux num\u00e9ros suivants : 01 02&nbsp;42 22 62 \/ 07 77 59 84 83&nbsp;&nbsp;&nbsp;<\/p>\n\n\n\n<p><strong><u>MINISTERES DE LA JEUNESSE ADVENTISTE<\/u><\/strong><\/p>\n\n\n\n<p><strong>Rencontre<\/strong><\/p>\n\n\n\n<p>Tous les Directeurs ambassadeurs des \u00e9glises locales et des districts sont convi\u00e9s \u00e0 une importante r\u00e9union ce <strong>dimanche 12 septembre 2021 \u00e0 la F\u00e9d\u00e9ration \u00e0 partir de 08h00.<\/strong> Sont \u00e9galement convi\u00e9s \u00e0 cette m\u00eame rencontre, tous les choristes qui se sont inscrits pour la chorale de la Coordination JA FEASE.&nbsp;Soyons \u00e0 l&rsquo;heure car nous tiendrons compte de ce crit\u00e8re pour cette nouvelle aventure que nous d\u00e9buterons. Chef Boris, Directeur de la Coordination JA FEASE.<\/p>\n\n\n\n<p><strong>Journ\u00e9e mondiale des Eclaireurs<\/strong><\/p>\n\n\n\n<p>Nous y sommes, forts \u00e9claireurs ! Le <strong>18 Septembre 2021<\/strong> est une date qui marque la Journ\u00e9e Mondiale des \u00e9claireurs dont le th\u00e8me est \u00ab&nbsp;J\u2019IRAI&nbsp;\u00bb. \u00c0 cet effet, tous les responsables ainsi que leurs \u00e9claireurs sont invit\u00e9s \u00e0 contribuer au succ\u00e8s absolu de cette joyeuse c\u00e9l\u00e9bration. Pour ce faire, vous trouverez ci-joint le document relatif \u00e0 cette journ\u00e9e. Ensemble, chers \u00e9claireurs, montrons au monde qui nous sommes et qui nous servons. Excellents pr\u00e9paratifs \u00e0 tous ! Chef Gahi\u00e9 Yves, responsable national des \u00e9claireurs.<\/p>\n","protected":false},"excerpt":{"rendered":"<p>LE VERSET DU SABBAT \u00abJ\u00e9rusalem est entour\u00e9e de montagnes&nbsp;; de m\u00eame le Seigneur entoure son peuple, d\u00e8s maintenant et pour toujours.\u00bb Psaumes 125&nbsp;: 2 VIE FAMILIALE &nbsp;&nbsp;&nbsp;&nbsp;&nbsp;&nbsp;&nbsp;&nbsp;&nbsp;&nbsp;&nbsp;&nbsp;&nbsp;&nbsp;&nbsp; Ci-joint le document de la semaine de la Vie Familiale du 05 au 11 septembre 2021. EVANGELISATION Il ne nous reste plus que 4 mois pour finir l&rsquo;ann\u00e9e [&hellip;]<\/p>\n","protected":false},"author":2,"featured_media":8145,"comment_status":"open","ping_status":"open","sticky":false,"template":"","format":"standard","meta":{"footnotes":""},"categories":[33],"tags":[],"class_list":["post-8896","post","type-post","status-publish","format-standard","has-post-thumbnail","hentry","category-religion"],"_links":{"self":[{"href":"https:\/\/www.infoline.ci\/index.php?rest_route=\/wp\/v2\/posts\/8896","targetHints":{"allow":["GET"]}}],"collection":[{"href":"https:\/\/www.infoline.ci\/index.php?rest_route=\/wp\/v2\/posts"}],"about":[{"href":"https:\/\/www.infoline.ci\/index.php?rest_route=\/wp\/v2\/types\/post"}],"author":[{"embeddable":true,"href":"https:\/\/www.infoline.ci\/index.php?rest_route=\/wp\/v2\/users\/2"}],"replies":[{"embeddable":true,"href":"https:\/\/www.infoline.ci\/index.php?rest_route=%2Fwp%2Fv2%2Fcomments&post=8896"}],"version-history":[{"count":1,"href":"https:\/\/www.infoline.ci\/index.php?rest_route=\/wp\/v2\/posts\/8896\/revisions"}],"predecessor-version":[{"id":8897,"href":"https:\/\/www.infoline.ci\/index.php?rest_route=\/wp\/v2\/posts\/8896\/revisions\/8897"}],"wp:featuredmedia":[{"embeddable":true,"href":"https:\/\/www.infoline.ci\/index.php?rest_route=\/wp\/v2\/media\/8145"}],"wp:attachment":[{"href":"https:\/\/www.infoline.ci\/index.php?rest_route=%2Fwp%2Fv2%2Fmedia&parent=8896"}],"wp:term":[{"taxonomy":"category","embeddable":true,"href":"https:\/\/www.infoline.ci\/index.php?rest_route=%2Fwp%2Fv2%2Fcategories&post=8896"},{"taxonomy":"post_tag","embeddable":true,"href":"https:\/\/www.infoline.ci\/index.php?rest_route=%2Fwp%2Fv2%2Ftags&post=8896"}],"curies":[{"name":"wp","href":"https:\/\/api.w.org\/{rel}","templated":true}]}}