{"id":8424,"date":"2021-08-19T18:19:04","date_gmt":"2021-08-19T18:19:04","guid":{"rendered":"http:\/\/www.infoline.ci\/?p=8424"},"modified":"2021-08-19T18:30:45","modified_gmt":"2021-08-19T18:30:45","slug":"mali-des-soldats-tues-et-dix-blesses-dans-une-embuscade","status":"publish","type":"post","link":"https:\/\/www.infoline.ci\/?p=8424","title":{"rendered":"Mali: des soldats tu\u00e9s et dix bless\u00e9s dans une embuscade"},"content":{"rendered":"\n<p>Onze soldats maliens ont \u00e9t\u00e9 tu\u00e9s et dix bless\u00e9s, la plupart gri\u00e8vement, au cours d&rsquo;une embuscade imput\u00e9e au jihadistes ce jeudi 19 ao\u00fbt&nbsp;dans le centre du pays, a annonc\u00e9 l&rsquo;arm\u00e9e malienne. \u00abUn convoi est tomb\u00e9 dans une embuscade ce jour 19 ao\u00fbt 2021 en fin de matin\u00e9e. Un v\u00e9hicule pi\u00e9g\u00e9 a d&rsquo;abord explos\u00e9, suivi de tirs intenses (&#8230;). Le bilan provisoire fait \u00e9tat de 11 morts et 10 bless\u00e9s dont neuf graves\u00bb, a indiqu\u00e9 l&rsquo;arm\u00e9e dans un communiqu\u00e9. Un responsable militaire malien a attribu\u00e9 l&rsquo;op\u00e9ration \u00e0 des \u00abterroristes\u00bb, terme d\u00e9signant commun\u00e9ment les jihadistes<\/p>\n","protected":false},"excerpt":{"rendered":"<p>Onze soldats maliens ont \u00e9t\u00e9 tu\u00e9s et dix bless\u00e9s, la plupart gri\u00e8vement, au cours d&rsquo;une embuscade imput\u00e9e au jihadistes ce jeudi 19 ao\u00fbt&nbsp;dans le centre du pays, a annonc\u00e9 l&rsquo;arm\u00e9e malienne. \u00abUn convoi est tomb\u00e9 dans une embuscade ce jour 19 ao\u00fbt 2021 en fin de matin\u00e9e. Un v\u00e9hicule pi\u00e9g\u00e9 a d&rsquo;abord explos\u00e9, suivi de [&hellip;]<\/p>\n","protected":false},"author":2,"featured_media":8428,"comment_status":"open","ping_status":"open","sticky":false,"template":"","format":"standard","meta":{"footnotes":""},"categories":[32,31],"tags":[],"class_list":["post-8424","post","type-post","status-publish","format-standard","has-post-thumbnail","hentry","category-afrique","category-internationale"],"_links":{"self":[{"href":"https:\/\/www.infoline.ci\/index.php?rest_route=\/wp\/v2\/posts\/8424","targetHints":{"allow":["GET"]}}],"collection":[{"href":"https:\/\/www.infoline.ci\/index.php?rest_route=\/wp\/v2\/posts"}],"about":[{"href":"https:\/\/www.infoline.ci\/index.php?rest_route=\/wp\/v2\/types\/post"}],"author":[{"embeddable":true,"href":"https:\/\/www.infoline.ci\/index.php?rest_route=\/wp\/v2\/users\/2"}],"replies":[{"embeddable":true,"href":"https:\/\/www.infoline.ci\/index.php?rest_route=%2Fwp%2Fv2%2Fcomments&post=8424"}],"version-history":[{"count":2,"href":"https:\/\/www.infoline.ci\/index.php?rest_route=\/wp\/v2\/posts\/8424\/revisions"}],"predecessor-version":[{"id":8429,"href":"https:\/\/www.infoline.ci\/index.php?rest_route=\/wp\/v2\/posts\/8424\/revisions\/8429"}],"wp:featuredmedia":[{"embeddable":true,"href":"https:\/\/www.infoline.ci\/index.php?rest_route=\/wp\/v2\/media\/8428"}],"wp:attachment":[{"href":"https:\/\/www.infoline.ci\/index.php?rest_route=%2Fwp%2Fv2%2Fmedia&parent=8424"}],"wp:term":[{"taxonomy":"category","embeddable":true,"href":"https:\/\/www.infoline.ci\/index.php?rest_route=%2Fwp%2Fv2%2Fcategories&post=8424"},{"taxonomy":"post_tag","embeddable":true,"href":"https:\/\/www.infoline.ci\/index.php?rest_route=%2Fwp%2Fv2%2Ftags&post=8424"}],"curies":[{"name":"wp","href":"https:\/\/api.w.org\/{rel}","templated":true}]}}