{"id":8352,"date":"2021-07-28T13:24:20","date_gmt":"2021-07-28T13:24:20","guid":{"rendered":"http:\/\/www.infoline.ci\/?p=8352"},"modified":"2021-08-08T21:15:55","modified_gmt":"2021-08-08T21:15:55","slug":"cote-divoire-rencontre-cordiale-entre-alassane-ouattara-et-laurent-gbagbo","status":"publish","type":"post","link":"https:\/\/www.infoline.ci\/?p=8352","title":{"rendered":"C\u00f4te d&rsquo;Ivoire: rencontre cordiale entre Alassane Ouattara et Laurent Gbagbo"},"content":{"rendered":"\n<p><strong>La rencontre est qualifi\u00e9e d&rsquo;historique.&nbsp;Le pr\u00e9sident ivoirien Alassane Ouattara&nbsp;et son pr\u00e9d\u00e9cesseur Laurent Gbagbo se sont rencontr\u00e9s pour la&nbsp;premi\u00e8re fois depuis la crise post\u00e9lectorale de 2010\u20132011. La rencontre s&rsquo;est d\u00e9roul\u00e9e au palais pr\u00e9sidentiel d&rsquo;Abijan et a dur\u00e9 une heure.&nbsp;&nbsp;<\/strong><\/p>\n\n\n\n<p> Carlos All\u00e9luia<\/p>\n","protected":false},"excerpt":{"rendered":"<p>La rencontre est qualifi\u00e9e d&rsquo;historique.&nbsp;Le pr\u00e9sident ivoirien Alassane Ouattara&nbsp;et son pr\u00e9d\u00e9cesseur Laurent Gbagbo se sont rencontr\u00e9s pour la&nbsp;premi\u00e8re fois depuis la crise post\u00e9lectorale de 2010\u20132011. La rencontre s&rsquo;est d\u00e9roul\u00e9e au palais pr\u00e9sidentiel d&rsquo;Abijan et a dur\u00e9 une heure.&nbsp;&nbsp; Carlos All\u00e9luia<\/p>\n","protected":false},"author":4,"featured_media":8362,"comment_status":"open","ping_status":"open","sticky":false,"template":"","format":"standard","meta":{"footnotes":""},"categories":[23],"tags":[],"class_list":["post-8352","post","type-post","status-publish","format-standard","has-post-thumbnail","hentry","category-politique"],"_links":{"self":[{"href":"https:\/\/www.infoline.ci\/index.php?rest_route=\/wp\/v2\/posts\/8352","targetHints":{"allow":["GET"]}}],"collection":[{"href":"https:\/\/www.infoline.ci\/index.php?rest_route=\/wp\/v2\/posts"}],"about":[{"href":"https:\/\/www.infoline.ci\/index.php?rest_route=\/wp\/v2\/types\/post"}],"author":[{"embeddable":true,"href":"https:\/\/www.infoline.ci\/index.php?rest_route=\/wp\/v2\/users\/4"}],"replies":[{"embeddable":true,"href":"https:\/\/www.infoline.ci\/index.php?rest_route=%2Fwp%2Fv2%2Fcomments&post=8352"}],"version-history":[{"count":7,"href":"https:\/\/www.infoline.ci\/index.php?rest_route=\/wp\/v2\/posts\/8352\/revisions"}],"predecessor-version":[{"id":8384,"href":"https:\/\/www.infoline.ci\/index.php?rest_route=\/wp\/v2\/posts\/8352\/revisions\/8384"}],"wp:featuredmedia":[{"embeddable":true,"href":"https:\/\/www.infoline.ci\/index.php?rest_route=\/wp\/v2\/media\/8362"}],"wp:attachment":[{"href":"https:\/\/www.infoline.ci\/index.php?rest_route=%2Fwp%2Fv2%2Fmedia&parent=8352"}],"wp:term":[{"taxonomy":"category","embeddable":true,"href":"https:\/\/www.infoline.ci\/index.php?rest_route=%2Fwp%2Fv2%2Fcategories&post=8352"},{"taxonomy":"post_tag","embeddable":true,"href":"https:\/\/www.infoline.ci\/index.php?rest_route=%2Fwp%2Fv2%2Ftags&post=8352"}],"curies":[{"name":"wp","href":"https:\/\/api.w.org\/{rel}","templated":true}]}}