{"id":8073,"date":"2021-02-03T15:12:48","date_gmt":"2021-02-03T15:12:48","guid":{"rendered":"http:\/\/www.infoline.ci\/?p=8073"},"modified":"2021-02-03T15:12:50","modified_gmt":"2021-02-03T15:12:50","slug":"sport-comite-de-normalisation-de-la-fif-la-reprise-du-championnat-au-coeur-des-echanges-avec-les-presidents-de-club-et-les-groupements-dinterets","status":"publish","type":"post","link":"https:\/\/www.infoline.ci\/?p=8073","title":{"rendered":"SPORT \/ COMITE DE NORMALISATION DE LA FIF : LA REPRISE DU CHAMPIONNAT AU C\u0152UR DES ECHANGES AVEC LES PRESIDENTS DE CLUB ET LES GROUPEMENTS D\u2019INTERETS"},"content":{"rendered":"\n<p>Apr\u00e8s les concertations avec l\u2019\u00e9quipe de management de la f\u00e9d\u00e9ration ivoirienne de football et l\u2019ensemble des directeurs d\u00e9partementaux la semaine \u00e9coul\u00e9e, les membres du comit\u00e9 de normalisation de la FIF mettent le cap sur les pr\u00e9sidents de club et groupements d\u2019int\u00e9r\u00eat. Ce mardi 2 er f\u00e9vrier s\u2019est ouvert \u00e0 la maison des verres, cette phase de concertation avec les pr\u00e9sidents de ligue 1 &amp; 2, division 3 et les groupements d\u2019int\u00e9r\u00eat. Mais avant ses rencontres, MARIAM DAO GABALA, pr\u00e9sidente du comit\u00e9 de normalisation, \u00e9tait face \u00e0 la presse. Elle a livr\u00e9 les raisons de cette \u00e9tape tout en utilisant l\u2019image d\u2019une usine.&nbsp;&nbsp;&nbsp;&nbsp;&nbsp;&nbsp;&nbsp;&nbsp;&nbsp;&nbsp;&nbsp;&nbsp;&nbsp;&nbsp;&nbsp;&nbsp;&nbsp;&nbsp;&nbsp;&nbsp;&nbsp;&nbsp;&nbsp;&nbsp;&nbsp;&nbsp;&nbsp;&nbsp;&nbsp;&nbsp;&nbsp;&nbsp;&nbsp;&nbsp;&nbsp;&nbsp;&nbsp;&nbsp;&nbsp;&nbsp;&nbsp;&nbsp;&nbsp;&nbsp;&nbsp;&nbsp;&nbsp;&nbsp;&nbsp;&nbsp;&nbsp;&nbsp;&nbsp;&nbsp;&nbsp;&nbsp;&nbsp;&nbsp;&nbsp;&nbsp;&nbsp;&nbsp;&nbsp;&nbsp;&nbsp;&nbsp;&nbsp;&nbsp; <strong>&nbsp;<\/strong>&nbsp;&nbsp;&nbsp;&nbsp;&nbsp;&nbsp;&nbsp;&nbsp;&nbsp;&nbsp;&nbsp;&nbsp;&nbsp;&nbsp;&nbsp;&nbsp;&nbsp;&nbsp;&nbsp;&nbsp;&nbsp;&nbsp;&nbsp;&nbsp;&nbsp;&nbsp;&nbsp;&nbsp;&nbsp;&nbsp;&nbsp;&nbsp;&nbsp;&nbsp;&nbsp;&nbsp;&nbsp;&nbsp;&nbsp;&nbsp;&nbsp;&nbsp;&nbsp;&nbsp;&nbsp;&nbsp;&nbsp;&nbsp;&nbsp;&nbsp;&nbsp;&nbsp;&nbsp;&nbsp;&nbsp;&nbsp;&nbsp;&nbsp;&nbsp;&nbsp;&nbsp;&nbsp;&nbsp;&nbsp;&nbsp;&nbsp;&nbsp;&nbsp;&nbsp;&nbsp;&nbsp;&nbsp;&nbsp;\u00ab&nbsp;L\u2019\u00e9coute des acteurs cl\u00e9s du football ivoirien a un&nbsp; objectif principal. Remettre le ballon au centre du terrain, car le championnat est \u00e0 la base de l\u2019\u00e9volution de notre football. Mariam Dao GABALA a aussi invit\u00e9 les journalistes \u00e0 soutenir cette mission&nbsp;\u00bb.&nbsp;&nbsp;&nbsp;&nbsp;&nbsp;&nbsp;&nbsp;&nbsp;&nbsp;&nbsp;&nbsp;&nbsp;&nbsp;&nbsp;&nbsp;&nbsp;&nbsp;&nbsp;&nbsp;&nbsp;&nbsp;&nbsp;&nbsp;&nbsp;&nbsp;&nbsp;&nbsp;&nbsp;&nbsp;&nbsp;&nbsp;&nbsp;&nbsp;&nbsp;&nbsp;&nbsp; &nbsp;&nbsp;&nbsp;&nbsp;&nbsp;&nbsp;&nbsp;&nbsp;&nbsp;&nbsp;&nbsp;&nbsp;&nbsp;&nbsp;&nbsp;&nbsp;&nbsp;&nbsp;&nbsp;&nbsp;&nbsp;&nbsp;&nbsp;&nbsp;&nbsp;&nbsp;&nbsp;&nbsp;&nbsp;&nbsp;&nbsp;&nbsp;&nbsp;&nbsp;&nbsp;&nbsp;&nbsp;&nbsp;&nbsp;&nbsp;&nbsp;&nbsp;&nbsp;&nbsp;&nbsp;&nbsp;&nbsp;&nbsp;&nbsp;&nbsp;&nbsp;&nbsp;<strong>&nbsp;&nbsp;&nbsp;&nbsp;&nbsp;&nbsp;&nbsp;&nbsp;&nbsp;&nbsp;&nbsp;&nbsp;&nbsp;&nbsp;&nbsp;&nbsp;&nbsp;&nbsp;&nbsp;&nbsp;&nbsp;&nbsp;&nbsp;&nbsp;&nbsp;&nbsp;&nbsp;&nbsp;&nbsp;&nbsp;&nbsp;&nbsp;&nbsp;&nbsp;&nbsp;&nbsp;&nbsp;&nbsp;&nbsp;&nbsp;&nbsp;&nbsp;&nbsp;&nbsp;&nbsp;&nbsp;&nbsp;&nbsp;&nbsp;&nbsp;&nbsp;&nbsp;&nbsp;&nbsp;&nbsp;&nbsp;&nbsp;&nbsp;&nbsp;&nbsp;&nbsp;&nbsp;&nbsp;&nbsp;&nbsp;&nbsp;&nbsp;&nbsp;&nbsp;&nbsp;&nbsp;&nbsp;&nbsp;&nbsp;&nbsp;&nbsp;&nbsp;\u00ab&nbsp;<\/strong>Les membres du comit\u00e9 de normalisation souhaitent remettre aux amoureux du ballon rond, une maison propre pour le bonheur de notre sport roi, avant le 31 d\u00e9cembre 2021, date de la fin de leur mission.&nbsp;\u00bb<\/p>\n\n\n\n<p>Arnaud de Gaza<\/p>\n","protected":false},"excerpt":{"rendered":"<p>Apr\u00e8s les concertations avec l\u2019\u00e9quipe de management de la f\u00e9d\u00e9ration ivoirienne de football et l\u2019ensemble des directeurs d\u00e9partementaux la semaine \u00e9coul\u00e9e, les membres du comit\u00e9 de normalisation de la FIF mettent le cap sur les pr\u00e9sidents de club et groupements d\u2019int\u00e9r\u00eat. Ce mardi 2 er f\u00e9vrier s\u2019est ouvert \u00e0 la maison des verres, cette phase [&hellip;]<\/p>\n","protected":false},"author":2,"featured_media":8077,"comment_status":"open","ping_status":"open","sticky":false,"template":"","format":"standard","meta":{"footnotes":""},"categories":[25],"tags":[],"class_list":["post-8073","post","type-post","status-publish","format-standard","has-post-thumbnail","hentry","category-sports"],"_links":{"self":[{"href":"https:\/\/www.infoline.ci\/index.php?rest_route=\/wp\/v2\/posts\/8073","targetHints":{"allow":["GET"]}}],"collection":[{"href":"https:\/\/www.infoline.ci\/index.php?rest_route=\/wp\/v2\/posts"}],"about":[{"href":"https:\/\/www.infoline.ci\/index.php?rest_route=\/wp\/v2\/types\/post"}],"author":[{"embeddable":true,"href":"https:\/\/www.infoline.ci\/index.php?rest_route=\/wp\/v2\/users\/2"}],"replies":[{"embeddable":true,"href":"https:\/\/www.infoline.ci\/index.php?rest_route=%2Fwp%2Fv2%2Fcomments&post=8073"}],"version-history":[{"count":1,"href":"https:\/\/www.infoline.ci\/index.php?rest_route=\/wp\/v2\/posts\/8073\/revisions"}],"predecessor-version":[{"id":8078,"href":"https:\/\/www.infoline.ci\/index.php?rest_route=\/wp\/v2\/posts\/8073\/revisions\/8078"}],"wp:featuredmedia":[{"embeddable":true,"href":"https:\/\/www.infoline.ci\/index.php?rest_route=\/wp\/v2\/media\/8077"}],"wp:attachment":[{"href":"https:\/\/www.infoline.ci\/index.php?rest_route=%2Fwp%2Fv2%2Fmedia&parent=8073"}],"wp:term":[{"taxonomy":"category","embeddable":true,"href":"https:\/\/www.infoline.ci\/index.php?rest_route=%2Fwp%2Fv2%2Fcategories&post=8073"},{"taxonomy":"post_tag","embeddable":true,"href":"https:\/\/www.infoline.ci\/index.php?rest_route=%2Fwp%2Fv2%2Ftags&post=8073"}],"curies":[{"name":"wp","href":"https:\/\/api.w.org\/{rel}","templated":true}]}}