{"id":8066,"date":"2021-01-28T12:00:44","date_gmt":"2021-01-28T12:00:44","guid":{"rendered":"http:\/\/www.infoline.ci\/?p=8066"},"modified":"2021-01-28T12:00:45","modified_gmt":"2021-01-28T12:00:45","slug":"grand-bassam-recasement-des-populations-nanan-jonas-konney-offre-10-hectares-de-terre-aux-600-familles-du-village-de-modeste-menacees-de-deguerpissement","status":"publish","type":"post","link":"https:\/\/www.infoline.ci\/?p=8066","title":{"rendered":"Grand-Bassam \/Recasement des populations : Nanan  Jonas Konney , offre 10 hectares de terre aux 600 familles  du village de Modeste menac\u00e9es de d\u00e9guerpissement"},"content":{"rendered":"\n<p>le mercredi 27 janvier dernier, les 600 familles du village \u00a0de Modeste, \u00a0situ\u00e9 \u00e0 quelques encablures de la ville touristique de Grand-Bassam, se sont retrouv\u00e9es \u00a0sur leur nouveau site de recasement.<\/p>\n\n\n\n<p>&nbsp;Profitant de la visite du site&nbsp; la population&nbsp; dudit village a par la voix de &nbsp;Bernard Ada, pr\u00e9sident du comit\u00e9 de gestion, fait une d\u00e9claration.<\/p>\n\n\n\n<p>Dans son adresse, le pr\u00e9sident a fait la gen\u00e8se &nbsp;de la proc\u00e9dure d&rsquo;acquisition &nbsp;des dix (10) hectares destin\u00e9 au recasement des populations menac\u00e9es.<\/p>\n\n\n\n<p>Selon lui &nbsp;le site actuel de recasement du village s\u2019inscrit dans &nbsp;le cadre du projet cit\u00e9 lagunaire.&nbsp;\u00ab&nbsp; Nanan Jonas Konney s&rsquo;est donn\u00e9 corps et \u00e2me pour l&rsquo;obtention de cet espace pr\u00e9vu pour notre recasement dans les temps \u00e0 venir. Chaque habitant identifi\u00e9 rentrera en possession de son lot&nbsp;\u00bb, a-t-il indiqu\u00e9<\/p>\n\n\n\n<p>A cette occasion le pr\u00e9sident du comit\u00e9 de gestion&nbsp; a sollicit\u00e9 l&rsquo;aide des autorit\u00e9s pour la viabilisation du site afin de b\u00e9n\u00e9ficier des infrastructures de base entre autres dispensaire, march\u00e9 et \u00e9cole.<\/p>\n\n\n\n<p>&nbsp;Bernard Ada, dans la chute &nbsp;de sa d\u00e9claration a d\u00e9nonc\u00e9, les frustrations, les manipulations, la vente illicite des terres orchestr\u00e9 par l\u2019ex-chef de Modeste Ahoua Konin Simon.<\/p>\n\n\n\n<p>Selon lui, Ahoua Simon n\u2019a jamais remis un centime ni un terrain &nbsp;aux populations du village de Modeste qui avant la construction des logements sociaux devaient b\u00e9n\u00e9ficier des dommages et int\u00e9r\u00eats et de recasement.<\/p>\n\n\n\n<p>Poursuivant ses propos et r\u00e9pondant aux interrogations des hommes de m\u00e9dias, le pr\u00e9sident Bernard Ada a avanc\u00e9 que l\u2019ex-chef est vomis par les populations de Modeste.&nbsp; Et a caus\u00e9 trop de tort aux villageois.<\/p>\n\n\n\n<p>&nbsp;Contrairement aux rumeurs, les populations de jour en jour confirment leur attachement au chef Nanan Jonas Konney. \u00ab&nbsp; Il est celui qui \u0153uvre pour le bien-\u00eatre des habitants de Modeste. \u00ab\u00a0Au vu des nombreuses actions men\u00e9es par ce jeune fils de la famille Konin, nous, populations de ce village, nous reconnaissons en la personne de Konney Janos\u00a0\u00bb, a-t-il soulign\u00e9 avant de demander aux autorit\u00e9s d&rsquo;avoir une oreille attentive \u00e0 la voix des populations. Il a \u00e9t\u00e9 soutenu dans ses propos par Kouam\u00e9 Elisabeth et Moussa Coulibaly qui ont parl\u00e9 respectivement aux noms des femmes et des chefs de communaut\u00e9s du village cosmopolite.<\/p>\n\n\n\n<p>Carlos. All\u00e9luia<\/p>\n","protected":false},"excerpt":{"rendered":"<p>le mercredi 27 janvier dernier, les 600 familles du village \u00a0de Modeste, \u00a0situ\u00e9 \u00e0 quelques encablures de la ville touristique de Grand-Bassam, se sont retrouv\u00e9es \u00a0sur leur nouveau site de recasement. &nbsp;Profitant de la visite du site&nbsp; la population&nbsp; dudit village a par la voix de &nbsp;Bernard Ada, pr\u00e9sident du comit\u00e9 de gestion, fait une [&hellip;]<\/p>\n","protected":false},"author":2,"featured_media":8067,"comment_status":"open","ping_status":"open","sticky":false,"template":"","format":"standard","meta":{"footnotes":""},"categories":[24],"tags":[],"class_list":["post-8066","post","type-post","status-publish","format-standard","has-post-thumbnail","hentry","category-societe"],"_links":{"self":[{"href":"https:\/\/www.infoline.ci\/index.php?rest_route=\/wp\/v2\/posts\/8066","targetHints":{"allow":["GET"]}}],"collection":[{"href":"https:\/\/www.infoline.ci\/index.php?rest_route=\/wp\/v2\/posts"}],"about":[{"href":"https:\/\/www.infoline.ci\/index.php?rest_route=\/wp\/v2\/types\/post"}],"author":[{"embeddable":true,"href":"https:\/\/www.infoline.ci\/index.php?rest_route=\/wp\/v2\/users\/2"}],"replies":[{"embeddable":true,"href":"https:\/\/www.infoline.ci\/index.php?rest_route=%2Fwp%2Fv2%2Fcomments&post=8066"}],"version-history":[{"count":1,"href":"https:\/\/www.infoline.ci\/index.php?rest_route=\/wp\/v2\/posts\/8066\/revisions"}],"predecessor-version":[{"id":8068,"href":"https:\/\/www.infoline.ci\/index.php?rest_route=\/wp\/v2\/posts\/8066\/revisions\/8068"}],"wp:featuredmedia":[{"embeddable":true,"href":"https:\/\/www.infoline.ci\/index.php?rest_route=\/wp\/v2\/media\/8067"}],"wp:attachment":[{"href":"https:\/\/www.infoline.ci\/index.php?rest_route=%2Fwp%2Fv2%2Fmedia&parent=8066"}],"wp:term":[{"taxonomy":"category","embeddable":true,"href":"https:\/\/www.infoline.ci\/index.php?rest_route=%2Fwp%2Fv2%2Fcategories&post=8066"},{"taxonomy":"post_tag","embeddable":true,"href":"https:\/\/www.infoline.ci\/index.php?rest_route=%2Fwp%2Fv2%2Ftags&post=8066"}],"curies":[{"name":"wp","href":"https:\/\/api.w.org\/{rel}","templated":true}]}}