{"id":8052,"date":"2021-01-26T09:39:21","date_gmt":"2021-01-26T09:39:21","guid":{"rendered":"http:\/\/www.infoline.ci\/?p=8052"},"modified":"2021-01-26T09:39:23","modified_gmt":"2021-01-26T09:39:23","slug":"qui-sont-les-nouveaux-leaders-catholiques-dafrique","status":"publish","type":"post","link":"https:\/\/www.infoline.ci\/?p=8052","title":{"rendered":"Qui sont les nouveaux leaders catholiques d\u2019Afrique ?"},"content":{"rendered":"\n<p>\u00a0si aucun \u00e9v\u00eaque ou cardinal africain ne semble aujourd\u2019hui exercer une influence pr\u00e9pond\u00e9rante au niveau mondial, quatre noms commencent \u00e0 s\u2019imposer sur le continent\u00ab\u00a0Jadis, quand le cardinal congolais\u00a0<a href=\"https:\/\/www.jeuneafrique.com\/134372\/politique\/rdc-laurent-monsengwo-pasinya-un-dieu-pas-de-ma-tre\/\">Laurent Monsengwo Pasinya<\/a>\u00a0ou celui camerounais\u00a0<a href=\"https:\/\/www.jeuneafrique.com\/mag\/802586\/politique\/cameroun-christian-tumi-ceux-qui-pretendent-que-je-suis-separatiste-se-trompent\/\">Christian Tumi<\/a>\u00a0s\u2019exprimaient sur un sujet, tout le monde \u00e9coutait\u2009!\u00a0\u00bb, se souvient un religieux originaire de RDC en poste au Vatican. Si aucun \u00e9v\u00eaque ou cardinal africain ne semble aujourd\u2019hui exercer une influence pr\u00e9pond\u00e9rante au niveau mondial, quatre noms commencent \u00e0 s\u2019imposer sur le continent.<\/p>\n\n\n\n<p>\u00ab&nbsp;Jadis, quand le cardinal congolais&nbsp;<a href=\"https:\/\/www.jeuneafrique.com\/134372\/politique\/rdc-laurent-monsengwo-pasinya-un-dieu-pas-de-ma-tre\/\">Laurent Monsengwo Pasinya<\/a>&nbsp;ou celui camerounais&nbsp;<a href=\"https:\/\/www.jeuneafrique.com\/mag\/802586\/politique\/cameroun-christian-tumi-ceux-qui-pretendent-que-je-suis-separatiste-se-trompent\/\">Christian Tumi<\/a>&nbsp;s\u2019exprimaient sur un sujet, tout le monde \u00e9coutait\u2009!&nbsp;\u00bb, se souvient un religieux originaire de RDC en poste au Vatican.<\/p>\n\n\n\n<p>\u00ab\u00a0Aujourd\u2019hui, force est de constater qu\u2019aucun \u00e9v\u00eaque ou cardinal africain n\u2019a une telle influence, ni \u00e0 Rome ni sur le continent\u00a0\u00bb, regrette le j\u00e9suite camerounais Ludovic Lado, sp\u00e9cialiste des questions de gouvernance, et notamment de l\u2019\u00c9glise catholique. Install\u00e9 \u00e0 N\u2019Djamena, ce religieux en d\u00e9licatesse avec les autorit\u00e9s de son pays, qu\u2019il n\u2019h\u00e9site pas \u00e0 critiquer s\u00e9v\u00e8rement, note une forme de \u00ab d\u00e9personnalisation \u00bb de l\u2019influence catholique dans la politique en Afrique, qui p\u00e8se moins qu\u2019avant, et d\u00e9sormais surtout par le biais de certaines conf\u00e9rences \u00e9piscopales ou organisations de fid\u00e8les, essentiellement en RDC et au Burundi. \u00ab\u00a0On n\u2019entend plus gu\u00e8re les \u00e9v\u00eaques du Congo Brazzaville et du Cameroun critiquer les autorit\u00e9s politiques comme il y a quelques ann\u00e9es\u00a0\u00bb, rel\u00e8ve-t-il.<\/p>\n\n\n\n<p>un Ghan\u00e9en et un Congolais en t\u00eate<\/p>\n\n\n\n<p>N\u00e9anmoins, les deux m\u00eames noms reviennent quand on interroge les connaisseurs de l\u2019\u00c9glise catholique sur les pasteurs catholiques africains actuellement les plus influents\u2009: le Ghan\u00e9en\u00a0<a href=\"https:\/\/www.jeuneafrique.com\/139510\/politique\/vatican-peter-turkson-cardinal-scandale\/\">Peter Turkson<\/a>\u00a0et le Congolais\u00a0<a href=\"https:\/\/www.jeuneafrique.com\/877226\/politique\/rdc-fridolin-ambongo-demande-larret-de-larrivee-de-ressortissants-des-pays-voisins-dans-lest\/\">Fridolin Ambongo<\/a>.<\/p>\n\n\n\n<p>\u00ab Mgr Turkson est une figure-cl\u00e9 \u00e0 Rome. Malgr\u00e9 quelques maladresses de communication \u2013 notamment sur les relations avec l\u2019islam en 2012 \u2013, il a gagn\u00e9 la confiance du pape Fran\u00e7ois, qui l\u2019a nomm\u00e9 \u00e0 la t\u00eate du nouveau dicast\u00e8re pour le service du d\u00e9veloppement humain int\u00e9gral, sorte de super-minist\u00e8re du Vatican cr\u00e9\u00e9 par ses soins en 2016. \u00c0 72 ans, il est charg\u00e9 \u00e0 la fois des questions de justice et de paix, mais aussi d\u2019\u00e9cologie et d\u2019action caritative, cl\u00e9s pour le souverain pontife \u00bb fait valoir notre religieux congolais install\u00e9 \u00e0 Rome.Quant \u00e0 Mgr Ambongo, cr\u00e9\u00e9 cardinal en 2019,\u00a0<a href=\"https:\/\/www.jeuneafrique.com\/mag\/529534\/politique\/rdc-fridolin-ambongo-un-archeveque-rebelle-a-kinshasa\/\">il a succ\u00e9d\u00e9 au cardinal Monsengwo \u00e0 la fois comme archev\u00eaque de Kinshasa<\/a>, mais aussi et surtout comme membre repr\u00e9sentant le continent au Conseil des cardinaux du pape, o\u00f9 il a \u00e9t\u00e9 nomm\u00e9 en octobre dernier. \u00ab Tout le monde pensait qu\u2019apr\u00e8s Monsengwo, le pape Fran\u00e7ois choisirait pour son conseil un \u00e9v\u00eaque ou un cardinal du continent originaire d\u2019un autre pays que la RDC, plut\u00f4t anglophone ou lusophone, en suivant une logique d\u2019alternance g\u00e9ographique ou linguistique. Mais il a fait le choix d\u2019une personnalit\u00e9 qu\u2019il appr\u00e9cie, qui fait preuve comme lui d\u2019un franc-parler qui fait sans doute d\u00e9faut \u00e0 nombre d\u2019eccl\u00e9siastiques africains \u00bb, analyse notre religieux congolais.<\/p>\n\n\n\n<h3 class=\"wp-block-heading\">Un Guin\u00e9en et un Centrafricain \u00e0 suivre<\/h3>\n\n\n\n<p>Plusieurs fid\u00e8les catholiques interrog\u00e9s par<em>\u00a0JA<\/em>\u00a0\u00e9voquent aussi\u00a0<a href=\"https:\/\/www.jeuneafrique.com\/134413\/politique\/guin-e-mgr-robert-sarah-un-cardinal-vigilant\/\">le cardinal guin\u00e9en Robert Sarah<\/a>, qui b\u00e9n\u00e9ficie de l\u2019estime d\u2019une bonne partie du clerg\u00e9 subsaharien, plut\u00f4t conservateur sur les questions liturgiques. Mais son radicalisme doctrinal et ses critiques r\u00e9currentes des positions d\u2019ouverture du pape Fran\u00e7ois lui valent aussi quelques inimiti\u00e9s. Certains lui reprochent \u00e9galement de s\u2019\u00eatre \u00e9loign\u00e9 du continent en s\u2019installant \u00e0 Rome en 2001. Mais aussi d\u2019\u00eatre appuy\u00e9 par des associations catholiques ultra-conservatrices europ\u00e9ennes et am\u00e9ricaines, qui auraient fait de lui leur champion contre le pape Fran\u00e7ois. S\u2019il est encore trop jeune \u2013\u00a053 \u00a0ans\u00a0\u2013 et pas assez connu \u00e0 Rome pour \u00eatre reconnu comme un leader catholique de premier plan, il faudra n\u00e9anmoins suivre l\u2019archev\u00eaque de Bangui Dieudonn\u00e9 Nzapalainga, appr\u00e9ci\u00e9 par le pape Fran\u00e7ois pour son implication pour la paix en Centrafrique. Cr\u00e9\u00e9 cardinal en novembre\u00a02016 par le souverain pontife, il est consid\u00e9r\u00e9 par beaucoup comme une figure montante du catholicisme.<\/p>\n\n\n\n<p>source Jeune Afrique<\/p>\n\n\n\n<h3 class=\"wp-block-heading\"><\/h3>\n","protected":false},"excerpt":{"rendered":"<p>\u00a0si aucun \u00e9v\u00eaque ou cardinal africain ne semble aujourd\u2019hui exercer une influence pr\u00e9pond\u00e9rante au niveau mondial, quatre noms commencent \u00e0 s\u2019imposer sur le continent\u00ab\u00a0Jadis, quand le cardinal congolais\u00a0Laurent Monsengwo Pasinya\u00a0ou celui camerounais\u00a0Christian Tumi\u00a0s\u2019exprimaient sur un sujet, tout le monde \u00e9coutait\u2009!\u00a0\u00bb, se souvient un religieux originaire de RDC en poste au Vatican. Si aucun \u00e9v\u00eaque ou [&hellip;]<\/p>\n","protected":false},"author":2,"featured_media":8053,"comment_status":"open","ping_status":"open","sticky":false,"template":"","format":"standard","meta":{"footnotes":""},"categories":[33],"tags":[],"class_list":["post-8052","post","type-post","status-publish","format-standard","has-post-thumbnail","hentry","category-religion"],"_links":{"self":[{"href":"https:\/\/www.infoline.ci\/index.php?rest_route=\/wp\/v2\/posts\/8052","targetHints":{"allow":["GET"]}}],"collection":[{"href":"https:\/\/www.infoline.ci\/index.php?rest_route=\/wp\/v2\/posts"}],"about":[{"href":"https:\/\/www.infoline.ci\/index.php?rest_route=\/wp\/v2\/types\/post"}],"author":[{"embeddable":true,"href":"https:\/\/www.infoline.ci\/index.php?rest_route=\/wp\/v2\/users\/2"}],"replies":[{"embeddable":true,"href":"https:\/\/www.infoline.ci\/index.php?rest_route=%2Fwp%2Fv2%2Fcomments&post=8052"}],"version-history":[{"count":1,"href":"https:\/\/www.infoline.ci\/index.php?rest_route=\/wp\/v2\/posts\/8052\/revisions"}],"predecessor-version":[{"id":8054,"href":"https:\/\/www.infoline.ci\/index.php?rest_route=\/wp\/v2\/posts\/8052\/revisions\/8054"}],"wp:featuredmedia":[{"embeddable":true,"href":"https:\/\/www.infoline.ci\/index.php?rest_route=\/wp\/v2\/media\/8053"}],"wp:attachment":[{"href":"https:\/\/www.infoline.ci\/index.php?rest_route=%2Fwp%2Fv2%2Fmedia&parent=8052"}],"wp:term":[{"taxonomy":"category","embeddable":true,"href":"https:\/\/www.infoline.ci\/index.php?rest_route=%2Fwp%2Fv2%2Fcategories&post=8052"},{"taxonomy":"post_tag","embeddable":true,"href":"https:\/\/www.infoline.ci\/index.php?rest_route=%2Fwp%2Fv2%2Ftags&post=8052"}],"curies":[{"name":"wp","href":"https:\/\/api.w.org\/{rel}","templated":true}]}}