{"id":7211,"date":"2020-11-12T21:15:16","date_gmt":"2020-11-12T21:15:16","guid":{"rendered":"http:\/\/www.infoline.ci\/?p=7211"},"modified":"2020-11-12T21:15:16","modified_gmt":"2020-11-12T21:15:16","slug":"football-eliminatoire-can-2022-les-elephants-se-relancent","status":"publish","type":"post","link":"https:\/\/www.infoline.ci\/?p=7211","title":{"rendered":"Football\/Eliminatoire CAN 2022: Les \u00e9l\u00e9phants se relancent"},"content":{"rendered":"<p>Ce jeudi 12 novembre au stade olympique d&rsquo;Ebimp\u00e9  les \u00e9l\u00e9phants de C\u00f4te d&rsquo;Ivoire ont affront\u00e9 les bar\u00e9as de Madagascar dans le cadre de la 3e journ\u00e9e des \u00e9liminatoires de la CAN 2022.<br \/>\n3e de la poule K avec  3 points, nos pachydermes n&rsquo;avaient pas droit \u00e0 l&rsquo;erreur. Conscients de cela, ils ont abord\u00e9 ce match avec une rage de vaincre d\u00e8s le coup d&rsquo;envoi.<br \/>\n Leur kyrielle d&rsquo;assauts offensifs se sont av\u00e9r\u00e9s infructueux en premi\u00e8re mi-temps. Il a fallu attendre la seconde p\u00e9riode pour voir leurs efforts r\u00e9compenser. Sur une passe \u00e9claire de Nicolas P\u00e9p\u00e9, Max Gradel va se louper dans la surface de r\u00e9cup\u00e9ration des malgaches. A la r\u00e9ception de la balle, Gervinho ouvre le score sur une belle reprise du pied droit (1-0, 47e). 5 minutes plus tard, S\u00e9bastien Haller qui honorait sa premi\u00e8re s\u00e9lection avec les \u00e9l\u00e9phants va suivre les traces de Gervinho.<br \/>\n A la r\u00e9ception d&rsquo;un centre de Gradel, Haller va user de la t\u00eate pour corser le score en faveurs de l&rsquo;\u00e9quipe ivoirienne (2-0, 54e). Apr\u00e8s ce 2e but, les \u00e9l\u00e9phants vont tomber dans la suffisance. C&rsquo;est logiquement qu&rsquo;ils vont conc\u00e9der la r\u00e9duction du score par Paulin Voavy( 2-1, 58e).<br \/>\nAvec cette victoire, les \u00e9l\u00e9phants prennent la t\u00eate de la poule K en compagnie des Bar\u00e9as de Madagascar en  totalisant 6 points chacun.<br \/>\nLe rendez-vous est pris pour le mardi 17 novembre prochain \u00e0 Madagascar dans le cadre de la 4e journ\u00e9e de ces \u00e9liminatoires. Ce match est tr\u00e8s capital dans la perspective de la qualification pour la grand&rsquo;messe du football africain au Cameroun.<br \/>\nJEAN ELENE NANOU<\/p>\n","protected":false},"excerpt":{"rendered":"<p>Ce jeudi 12 novembre au stade olympique d&rsquo;Ebimp\u00e9 les \u00e9l\u00e9phants de C\u00f4te d&rsquo;Ivoire ont affront\u00e9 les bar\u00e9as de Madagascar dans le cadre de la 3e journ\u00e9e des \u00e9liminatoires de la CAN 2022. 3e de la poule K avec 3 points, nos pachydermes n&rsquo;avaient pas droit \u00e0 l&rsquo;erreur. Conscients de cela, ils ont abord\u00e9 ce match [&hellip;]<\/p>\n","protected":false},"author":2,"featured_media":7212,"comment_status":"closed","ping_status":"closed","sticky":false,"template":"","format":"standard","meta":{"footnotes":""},"categories":[28,25],"tags":[],"class_list":["post-7211","post","type-post","status-publish","format-standard","has-post-thumbnail","hentry","category-football","category-sports"],"_links":{"self":[{"href":"https:\/\/www.infoline.ci\/index.php?rest_route=\/wp\/v2\/posts\/7211","targetHints":{"allow":["GET"]}}],"collection":[{"href":"https:\/\/www.infoline.ci\/index.php?rest_route=\/wp\/v2\/posts"}],"about":[{"href":"https:\/\/www.infoline.ci\/index.php?rest_route=\/wp\/v2\/types\/post"}],"author":[{"embeddable":true,"href":"https:\/\/www.infoline.ci\/index.php?rest_route=\/wp\/v2\/users\/2"}],"replies":[{"embeddable":true,"href":"https:\/\/www.infoline.ci\/index.php?rest_route=%2Fwp%2Fv2%2Fcomments&post=7211"}],"version-history":[{"count":1,"href":"https:\/\/www.infoline.ci\/index.php?rest_route=\/wp\/v2\/posts\/7211\/revisions"}],"predecessor-version":[{"id":7213,"href":"https:\/\/www.infoline.ci\/index.php?rest_route=\/wp\/v2\/posts\/7211\/revisions\/7213"}],"wp:featuredmedia":[{"embeddable":true,"href":"https:\/\/www.infoline.ci\/index.php?rest_route=\/wp\/v2\/media\/7212"}],"wp:attachment":[{"href":"https:\/\/www.infoline.ci\/index.php?rest_route=%2Fwp%2Fv2%2Fmedia&parent=7211"}],"wp:term":[{"taxonomy":"category","embeddable":true,"href":"https:\/\/www.infoline.ci\/index.php?rest_route=%2Fwp%2Fv2%2Fcategories&post=7211"},{"taxonomy":"post_tag","embeddable":true,"href":"https:\/\/www.infoline.ci\/index.php?rest_route=%2Fwp%2Fv2%2Ftags&post=7211"}],"curies":[{"name":"wp","href":"https:\/\/api.w.org\/{rel}","templated":true}]}}