{"id":7086,"date":"2020-10-31T21:37:10","date_gmt":"2020-10-31T21:37:10","guid":{"rendered":"http:\/\/www.infoline.ci\/?p=7086"},"modified":"2020-10-31T21:37:10","modified_gmt":"2020-10-31T21:37:10","slug":"presidentielle-2020-a-dimbokro-bakayoko-ly-ramata-se-dit-confiante-pour-la-victoire-du-candidat-du-rhdp-alassane-ouattara","status":"publish","type":"post","link":"https:\/\/www.infoline.ci\/?p=7086","title":{"rendered":"Pr\u00e9sidentielle 2020 \u00e0 Dimbokro : Bakayoko-Ly Ramata se dit confiante pour la victoire du candidat du RHDP Alassane Ouattara"},"content":{"rendered":"<p>La ministre de la Femme, de la Famille et de l\u2019Enfant, le Professeur Bakayoko-Ly  Ramata s&rsquo;est acquitt\u00e9 de son droit civique en votant ce samedi 31 octobre 2020, au Groupe Scolaire Komikro, dans la ville de Dimbokro. \u00c0 la sortie du bureau de vote, le Professeur Bakayoko-Ly Ramata s\u2019est dit confiante sur la victoire de son candidat, en l&rsquo;occurrence, le pr\u00e9sident sortant Alassane Ouattara.<br \/>\n\u00ab Je viens d\u2019accomplir mon devoir citoyen qui est le vote pour choisir le premier Pr\u00e9sident de la Troisi\u00e8me R\u00e9publique de C\u00f4te d\u2019Ivoire. J\u2019invite toute la population d\u2019ailleurs \u00e0 aller dans les bureaux de vote pour ce devoir civique, important pour tous \u00bb, a d\u00e9clar\u00e9 le Professeur Bakayoko-Ly Ramata.  Pour la ministre de la Femme, de la Famille et de l\u2019Enfant, il \u00e9tait important de participer \u00e0 ce scrutin \u00e9lectoral pour permettre au pr\u00e9sident Alassane Ouattara de parachever l\u2019\u0153uvre de d\u00e9veloppement qu\u2019il a entam\u00e9 depuis son accession \u00e0 la magistrature supr\u00eame.<br \/>\n\u00ab Nous avons fait campagne autour des th\u00e9matiques de la paix, de la solidarit\u00e9 et du progr\u00e8s de notre beau pays la C\u00f4te d\u2019Ivoire. Apr\u00e8s les \u00e9lections, il faudrait que nous puissions continuer l\u2019\u0153uvre de construction de la C\u00f4te d\u2019Ivoire, dans la paix et la coh\u00e9sion sociale. Je suis tr\u00e8s confiante pour la suite de ce scrutin et pense tr\u00e8s sinc\u00e8rement que le candidat pour lequel nous avons fait campagne sera c\u00e9l\u00e9br\u00e9, d\u00e8s ce soir,  partout sur l\u2019\u00e9tendue du territoire \u00bb, a lanc\u00e9 le Professeur Bakayoko-Ly Ramata.<br \/>\n M.K<\/p>\n","protected":false},"excerpt":{"rendered":"<p>La ministre de la Femme, de la Famille et de l\u2019Enfant, le Professeur Bakayoko-Ly Ramata s&rsquo;est acquitt\u00e9 de son droit civique en votant ce samedi 31 octobre 2020, au Groupe Scolaire Komikro, dans la ville de Dimbokro. \u00c0 la sortie du bureau de vote, le Professeur Bakayoko-Ly Ramata s\u2019est dit confiante sur la victoire de [&hellip;]<\/p>\n","protected":false},"author":2,"featured_media":7087,"comment_status":"closed","ping_status":"closed","sticky":false,"template":"","format":"standard","meta":{"footnotes":""},"categories":[23],"tags":[],"class_list":["post-7086","post","type-post","status-publish","format-standard","has-post-thumbnail","hentry","category-politique"],"_links":{"self":[{"href":"https:\/\/www.infoline.ci\/index.php?rest_route=\/wp\/v2\/posts\/7086","targetHints":{"allow":["GET"]}}],"collection":[{"href":"https:\/\/www.infoline.ci\/index.php?rest_route=\/wp\/v2\/posts"}],"about":[{"href":"https:\/\/www.infoline.ci\/index.php?rest_route=\/wp\/v2\/types\/post"}],"author":[{"embeddable":true,"href":"https:\/\/www.infoline.ci\/index.php?rest_route=\/wp\/v2\/users\/2"}],"replies":[{"embeddable":true,"href":"https:\/\/www.infoline.ci\/index.php?rest_route=%2Fwp%2Fv2%2Fcomments&post=7086"}],"version-history":[{"count":1,"href":"https:\/\/www.infoline.ci\/index.php?rest_route=\/wp\/v2\/posts\/7086\/revisions"}],"predecessor-version":[{"id":7088,"href":"https:\/\/www.infoline.ci\/index.php?rest_route=\/wp\/v2\/posts\/7086\/revisions\/7088"}],"wp:featuredmedia":[{"embeddable":true,"href":"https:\/\/www.infoline.ci\/index.php?rest_route=\/wp\/v2\/media\/7087"}],"wp:attachment":[{"href":"https:\/\/www.infoline.ci\/index.php?rest_route=%2Fwp%2Fv2%2Fmedia&parent=7086"}],"wp:term":[{"taxonomy":"category","embeddable":true,"href":"https:\/\/www.infoline.ci\/index.php?rest_route=%2Fwp%2Fv2%2Fcategories&post=7086"},{"taxonomy":"post_tag","embeddable":true,"href":"https:\/\/www.infoline.ci\/index.php?rest_route=%2Fwp%2Fv2%2Ftags&post=7086"}],"curies":[{"name":"wp","href":"https:\/\/api.w.org\/{rel}","templated":true}]}}