{"id":7079,"date":"2020-10-30T16:06:15","date_gmt":"2020-10-30T16:06:15","guid":{"rendered":"http:\/\/www.infoline.ci\/?p=7079"},"modified":"2020-10-30T16:06:15","modified_gmt":"2020-10-30T16:06:15","slug":"football-elephants-beaumell-pourra-t-il-etre-a-la-hauteur","status":"publish","type":"post","link":"https:\/\/www.infoline.ci\/?p=7079","title":{"rendered":"Football\/El\u00e9phants : Beaumell pourra-t-il \u00eatre \u00e0 la hauteur ?"},"content":{"rendered":"<p>Patrice Beaumell est le s\u00e9lectionneur des \u00e9l\u00e9phants de C\u00f4te d\u2019Ivoire depuis le mois de f\u00e9vrier dernier pour un contrat d\u2019une dur\u00e9e d\u2019un an. La qualification de la s\u00e9lection ivoirienne \u00e0 la CAN 2022 est l\u2019objectic qui lui a \u00e9t\u00e9 assign\u00e9. Ceux qui se posaient des questions sur sa qualit\u00e9 d\u2019entra\u00eeneur ont eu l\u2019occasion de le d\u00e9couvrir en d\u00e9but du mois d\u2019Octobre lors des deux matchs amicaux disput\u00e9s contre la Belgique(1-1) et le Japon(0-1). Ce serait pr\u00e9matur\u00e9 de le juger sur la base de ces deux rencontres. Cependant, l\u2019on a pu se faire au moins une id\u00e9e de sa m\u00e9thode. L\u2019issue de ces matchs amicaux laisse de nombreux observateurs perplexes quant \u00e0 la capacit\u00e9 de Beaumell \u00e0 permettre \u00e0 la C\u00f4te d\u2019ivoire d\u2019obtenir son ticket qualificatif pour la grand\u2019messe du football africain en 2022 au Cam\u00e9roun. La double confrontation face aux bar\u00e9as de Madagascar en novembre prochain dans le cadre des 3e et 4e journ\u00e9es des \u00e9liminatores de la CAN 2022 est un virage important. Beaumell ne devrait en aucun cas se louper. Il se devra de sortir le grand jeu pour mettre en place une \u00e9quipe apte \u00e0 redonner la joie aux ivoiriens. Sa liste est pr\u00e9vue \u00eatre publi\u00e9e le 05 Novembre.<br \/>\nCroisons les doigts et esp\u00e9rons de tr\u00e8s belles performances de nos pachydermes en vue de passer l\u2019obstacle malgache.<\/p>\n<p>JEAN ELENE NANOU<\/p>\n","protected":false},"excerpt":{"rendered":"<p>Patrice Beaumell est le s\u00e9lectionneur des \u00e9l\u00e9phants de C\u00f4te d\u2019Ivoire depuis le mois de f\u00e9vrier dernier pour un contrat d\u2019une dur\u00e9e d\u2019un an. La qualification de la s\u00e9lection ivoirienne \u00e0 la CAN 2022 est l\u2019objectic qui lui a \u00e9t\u00e9 assign\u00e9. Ceux qui se posaient des questions sur sa qualit\u00e9 d\u2019entra\u00eeneur ont eu l\u2019occasion de le [&hellip;]<\/p>\n","protected":false},"author":2,"featured_media":6808,"comment_status":"closed","ping_status":"closed","sticky":false,"template":"","format":"standard","meta":{"footnotes":""},"categories":[28],"tags":[],"class_list":["post-7079","post","type-post","status-publish","format-standard","has-post-thumbnail","hentry","category-football"],"_links":{"self":[{"href":"https:\/\/www.infoline.ci\/index.php?rest_route=\/wp\/v2\/posts\/7079","targetHints":{"allow":["GET"]}}],"collection":[{"href":"https:\/\/www.infoline.ci\/index.php?rest_route=\/wp\/v2\/posts"}],"about":[{"href":"https:\/\/www.infoline.ci\/index.php?rest_route=\/wp\/v2\/types\/post"}],"author":[{"embeddable":true,"href":"https:\/\/www.infoline.ci\/index.php?rest_route=\/wp\/v2\/users\/2"}],"replies":[{"embeddable":true,"href":"https:\/\/www.infoline.ci\/index.php?rest_route=%2Fwp%2Fv2%2Fcomments&post=7079"}],"version-history":[{"count":1,"href":"https:\/\/www.infoline.ci\/index.php?rest_route=\/wp\/v2\/posts\/7079\/revisions"}],"predecessor-version":[{"id":7080,"href":"https:\/\/www.infoline.ci\/index.php?rest_route=\/wp\/v2\/posts\/7079\/revisions\/7080"}],"wp:featuredmedia":[{"embeddable":true,"href":"https:\/\/www.infoline.ci\/index.php?rest_route=\/wp\/v2\/media\/6808"}],"wp:attachment":[{"href":"https:\/\/www.infoline.ci\/index.php?rest_route=%2Fwp%2Fv2%2Fmedia&parent=7079"}],"wp:term":[{"taxonomy":"category","embeddable":true,"href":"https:\/\/www.infoline.ci\/index.php?rest_route=%2Fwp%2Fv2%2Fcategories&post=7079"},{"taxonomy":"post_tag","embeddable":true,"href":"https:\/\/www.infoline.ci\/index.php?rest_route=%2Fwp%2Fv2%2Ftags&post=7079"}],"curies":[{"name":"wp","href":"https:\/\/api.w.org\/{rel}","templated":true}]}}