{"id":6983,"date":"2020-10-21T22:19:41","date_gmt":"2020-10-21T22:19:41","guid":{"rendered":"http:\/\/www.infoline.ci\/?p=6983"},"modified":"2020-10-21T22:22:22","modified_gmt":"2020-10-21T22:22:22","slug":"football-ligues-des-champions-uefa-ou-sont-passes-les-ivoiriens","status":"publish","type":"post","link":"https:\/\/www.infoline.ci\/?p=6983","title":{"rendered":"Football\/Ligues des champions UEFA : O\u00f9 sont pass\u00e9s les ivoiriens ?"},"content":{"rendered":"<p>La ligue des Champions UEFA a ouvert ses portes ce mardi 20 Octobre 2020 avec l&rsquo;entr\u00e9e en lice de certains cadores tels le Bar\u00e7a, Manchester United et le PSG. Un fait est de plus en plus r\u00e9current depuis quelques ann\u00e9es maintenant : la quasi-disparition des joueurs ivoiriens. Or par le pass\u00e9, la C\u00f4te d\u2019Ivoire \u00e9tait le pays le plus repr\u00e9sent\u00e9 tant quantitativement que qualitativement avec des joueurs de la trempe de Didier Drogba, Yaya Tour\u00e9, Kolo Tour\u00e9, Ebou\u00e9 Emmanuel,\u2026 Le S\u00e9n\u00e9gal, l\u2019\u00c9gypte, le Nig\u00e9ria et l&rsquo;Alg\u00e9rie ont ravi la place \u00e0 la C\u00f4te d\u2019Ivoire. Pour cette \u00e9dition, seulement six joueurs ivoiriens ont le privil\u00e8ge de disputer la coupe aux grandes oreilles : Amad Traor\u00e9( Atalanta Bergame), Jean-Daniel Akpa Akpro( Lazio Rome), \u00c9ric Bailly ( Manchester United), Franck Boli ( Ferencvaros), Odilon Kossonou et D\u00e9li Simon ( FC Bruges). Sur cette liste, seul \u00c9ric Bailly \u00e9volue dans un club qui peut pr\u00e9tendre au titre. Ce dernier y est d&rsquo;ailleurs un grand abonn\u00e9 au banc de touche. Les autres sont soit des rempla\u00e7ants comme \u00c9ric Bailly soit des titulaires, mais dans des clubs de seconde zone. Il est difficile, voire impossible de trouver un footballeur ivoirien leader dans un grand club europ\u00e9en. La C\u00f4te d\u2019Ivoire a v\u00e9ritablement r\u00e9gress\u00e9 sur l&rsquo;\u00e9chiquier du football mondial. Vivement, que les joueurs ivoiriens se r\u00e9veillent.<br \/>\n JEAN ELENE NANOU<\/p>\n","protected":false},"excerpt":{"rendered":"<p>La ligue des Champions UEFA a ouvert ses portes ce mardi 20 Octobre 2020 avec l&rsquo;entr\u00e9e en lice de certains cadores tels le Bar\u00e7a, Manchester United et le PSG. Un fait est de plus en plus r\u00e9current depuis quelques ann\u00e9es maintenant : la quasi-disparition des joueurs ivoiriens. Or par le pass\u00e9, la C\u00f4te d\u2019Ivoire \u00e9tait [&hellip;]<\/p>\n","protected":false},"author":2,"featured_media":6986,"comment_status":"closed","ping_status":"closed","sticky":false,"template":"","format":"standard","meta":{"footnotes":""},"categories":[28],"tags":[],"class_list":["post-6983","post","type-post","status-publish","format-standard","has-post-thumbnail","hentry","category-football"],"_links":{"self":[{"href":"https:\/\/www.infoline.ci\/index.php?rest_route=\/wp\/v2\/posts\/6983","targetHints":{"allow":["GET"]}}],"collection":[{"href":"https:\/\/www.infoline.ci\/index.php?rest_route=\/wp\/v2\/posts"}],"about":[{"href":"https:\/\/www.infoline.ci\/index.php?rest_route=\/wp\/v2\/types\/post"}],"author":[{"embeddable":true,"href":"https:\/\/www.infoline.ci\/index.php?rest_route=\/wp\/v2\/users\/2"}],"replies":[{"embeddable":true,"href":"https:\/\/www.infoline.ci\/index.php?rest_route=%2Fwp%2Fv2%2Fcomments&post=6983"}],"version-history":[{"count":1,"href":"https:\/\/www.infoline.ci\/index.php?rest_route=\/wp\/v2\/posts\/6983\/revisions"}],"predecessor-version":[{"id":6985,"href":"https:\/\/www.infoline.ci\/index.php?rest_route=\/wp\/v2\/posts\/6983\/revisions\/6985"}],"wp:featuredmedia":[{"embeddable":true,"href":"https:\/\/www.infoline.ci\/index.php?rest_route=\/wp\/v2\/media\/6986"}],"wp:attachment":[{"href":"https:\/\/www.infoline.ci\/index.php?rest_route=%2Fwp%2Fv2%2Fmedia&parent=6983"}],"wp:term":[{"taxonomy":"category","embeddable":true,"href":"https:\/\/www.infoline.ci\/index.php?rest_route=%2Fwp%2Fv2%2Fcategories&post=6983"},{"taxonomy":"post_tag","embeddable":true,"href":"https:\/\/www.infoline.ci\/index.php?rest_route=%2Fwp%2Fv2%2Ftags&post=6983"}],"curies":[{"name":"wp","href":"https:\/\/api.w.org\/{rel}","templated":true}]}}