{"id":6807,"date":"2020-10-09T09:35:19","date_gmt":"2020-10-09T09:35:19","guid":{"rendered":"http:\/\/www.infoline.ci\/?p=6807"},"modified":"2020-10-09T09:35:19","modified_gmt":"2020-10-09T09:35:19","slug":"preparation-j-o-2021-les-elephants-olympiens-u23-jouent-ce-13-octobre-contre-larabie-saoudite","status":"publish","type":"post","link":"https:\/\/www.infoline.ci\/?p=6807","title":{"rendered":"Pr\u00e9paration J.O 2021: Les \u00c9l\u00e9phants olympiens ( U23) jouent ce 13 octobre contre l\u2019Arabie Saoudite"},"content":{"rendered":"<p>A l\u2019instar des \u00c9l\u00e9phants, l\u2019\u00e9quipe nationale espoir de C\u00f4te d\u2019Ivoire va profiter de la tr\u00eave internationale pour se pr\u00e9parer en vue des Jeux olympiques de Tokyo qui auront lieu en 2021. Les U23 livreront une rencontre amicale contre l\u2019Arabie Saoudite le 13 octobre prochain \u00e0 Duba\u00ef. Qualifi\u00e9s pour la comp\u00e9tition, en tant que vice-champions d\u2019Afrique U23, les prot\u00e9g\u00e9s du coach Ha\u00efdara Soualiho ont donc un bon test pour non seulement revoir leurs automatismes, mais \u00e9galement pour garder une bonne dynamique \u00e0 9 mois de la comp\u00e9tition pr\u00e9vue pour le mois de juillet 2021. En attendant la liste des joueurs qui vont prendre part \u00e0 ce match test, Ha\u00efdara Soualiho devrait \u00eatre priv\u00e9 de certains de ses \u00e9l\u00e9ments qui sont en regroupement avec les \u00c9l\u00e9phants. C\u2019est le cas du portier Ira Tap\u00e9 Eliezer, de l\u2019attaquant Christian Kouam\u00e9 et du milieu de terrain Niangbo Anderson appel\u00e9 pour suppl\u00e9er Kouassi Evrard. N\u2019emp\u00eache, il y a encore du beau monde qui, en cas de convocation, peut donner la r\u00e9plique \u00e0 l\u2019\u00e9quipe espoir d\u2019Arabie saoudite. Il s\u2019agit des fr\u00e8res Traor\u00e9 (Ahmed et Amad), Doumbia Idrissa qui vient de signer \u00e0 Huesca, Amani Lazare, Bamba Aboubakar, Isma\u00ebl Chester, Edgar Dakoi, Kouadio Yves Dabila, Issouf Dao&#8230;<br \/>\nkoffi Jean<\/p>\n","protected":false},"excerpt":{"rendered":"<p>A l\u2019instar des \u00c9l\u00e9phants, l\u2019\u00e9quipe nationale espoir de C\u00f4te d\u2019Ivoire va profiter de la tr\u00eave internationale pour se pr\u00e9parer en vue des Jeux olympiques de Tokyo qui auront lieu en 2021. Les U23 livreront une rencontre amicale contre l\u2019Arabie Saoudite le 13 octobre prochain \u00e0 Duba\u00ef. Qualifi\u00e9s pour la comp\u00e9tition, en tant que vice-champions d\u2019Afrique [&hellip;]<\/p>\n","protected":false},"author":2,"featured_media":6808,"comment_status":"closed","ping_status":"closed","sticky":false,"template":"","format":"standard","meta":{"footnotes":""},"categories":[28],"tags":[],"class_list":["post-6807","post","type-post","status-publish","format-standard","has-post-thumbnail","hentry","category-football"],"_links":{"self":[{"href":"https:\/\/www.infoline.ci\/index.php?rest_route=\/wp\/v2\/posts\/6807","targetHints":{"allow":["GET"]}}],"collection":[{"href":"https:\/\/www.infoline.ci\/index.php?rest_route=\/wp\/v2\/posts"}],"about":[{"href":"https:\/\/www.infoline.ci\/index.php?rest_route=\/wp\/v2\/types\/post"}],"author":[{"embeddable":true,"href":"https:\/\/www.infoline.ci\/index.php?rest_route=\/wp\/v2\/users\/2"}],"replies":[{"embeddable":true,"href":"https:\/\/www.infoline.ci\/index.php?rest_route=%2Fwp%2Fv2%2Fcomments&post=6807"}],"version-history":[{"count":1,"href":"https:\/\/www.infoline.ci\/index.php?rest_route=\/wp\/v2\/posts\/6807\/revisions"}],"predecessor-version":[{"id":6809,"href":"https:\/\/www.infoline.ci\/index.php?rest_route=\/wp\/v2\/posts\/6807\/revisions\/6809"}],"wp:featuredmedia":[{"embeddable":true,"href":"https:\/\/www.infoline.ci\/index.php?rest_route=\/wp\/v2\/media\/6808"}],"wp:attachment":[{"href":"https:\/\/www.infoline.ci\/index.php?rest_route=%2Fwp%2Fv2%2Fmedia&parent=6807"}],"wp:term":[{"taxonomy":"category","embeddable":true,"href":"https:\/\/www.infoline.ci\/index.php?rest_route=%2Fwp%2Fv2%2Fcategories&post=6807"},{"taxonomy":"post_tag","embeddable":true,"href":"https:\/\/www.infoline.ci\/index.php?rest_route=%2Fwp%2Fv2%2Ftags&post=6807"}],"curies":[{"name":"wp","href":"https:\/\/api.w.org\/{rel}","templated":true}]}}