{"id":6804,"date":"2020-10-09T09:29:03","date_gmt":"2020-10-09T09:29:03","guid":{"rendered":"http:\/\/www.infoline.ci\/?p=6804"},"modified":"2020-10-09T09:29:03","modified_gmt":"2020-10-09T09:29:03","slug":"education-le-groupe-scolaire-dexcellence-dominique-ouattara-dabobo-inaugure","status":"publish","type":"post","link":"https:\/\/www.infoline.ci\/?p=6804","title":{"rendered":"Education : Le groupe scolaire d\u2019excellence Dominique Ouattara d\u2019Abobo inaugur\u00e9"},"content":{"rendered":"<p>Le Pr\u00e9sident de la R\u00e9publique Alassane Ouattara a inaugur\u00e9, le jeudi 8 octobre 2020 dans la commune d\u2019Abobo (Abidjan), le groupe scolaire d\u2019excellence de la Fondation Children of Africa. L\u2019\u00e9tablissement est baptis\u00e9 \u00ab Groupe scolaire d\u2019excellence Dominique Ouattara d\u2019Abobo \u00bb.<\/p>\n<p>Selon le Chef de l\u2019Etat, la construction de l\u2019\u00e9difice vise \u00e0 faciliter l\u2019acc\u00e8s \u00e0 l\u2019\u00e9ducation aux enfants d\u2019Abobo et am\u00e9liorer la qualit\u00e9 de leur \u00e9ducation.<\/p>\n<p>Pour sa part, le Premier Ministre, Hamed Bakayoko, par ailleurs maire de la commune d\u2019Abobo, a soulign\u00e9 que la construction de cette infrastructure montre l\u2019attachement du gouvernement au secteur \u00e9ducatif. Elle permettra de donner toutes les chances aux enfants d\u2019Abobo de faire partie de l&rsquo;\u00e9lite de demain.<\/p>\n<p>L\u2019\u00e9cole, a pr\u00e9cis\u00e9 Dominique Ouattara, est enti\u00e8rement gratuite pour tous les \u00e9l\u00e8ves. Elle comprend en son sein une cantine scolaire, une biblioth\u00e8que, une salle multim\u00e9dia, une infirmerie et une salle de r\u00e9union.<\/p>\n<p>Le groupe scolaire est compos\u00e9 de trois \u00e9coles. Notamment d\u2019une \u00e9cole maternelle de trois classes et de deux \u00e9coles primaires de 6 classes chacune, soit 12 classes. L\u2019\u00e9tablissement a une capacit\u00e9 d\u2019accueil de 700 \u00e9l\u00e8ves, dont 100 \u00e0 la maternelle et 600 au primaire.<\/p>\n<p>B\u00e2ti sur une superficie de 15 000 m2, l\u2019ouvrage a n\u00e9cessit\u00e9 un investissement de 1,6 milliard de FCFA. Il a \u00e9t\u00e9 enti\u00e8rement financ\u00e9 par la Fondation Children of Africa.<\/p>\n<p>source: CICG<\/p>\n","protected":false},"excerpt":{"rendered":"<p>Le Pr\u00e9sident de la R\u00e9publique Alassane Ouattara a inaugur\u00e9, le jeudi 8 octobre 2020 dans la commune d\u2019Abobo (Abidjan), le groupe scolaire d\u2019excellence de la Fondation Children of Africa. L\u2019\u00e9tablissement est baptis\u00e9 \u00ab Groupe scolaire d\u2019excellence Dominique Ouattara d\u2019Abobo \u00bb. Selon le Chef de l\u2019Etat, la construction de l\u2019\u00e9difice vise \u00e0 faciliter l\u2019acc\u00e8s \u00e0 l\u2019\u00e9ducation [&hellip;]<\/p>\n","protected":false},"author":2,"featured_media":6805,"comment_status":"closed","ping_status":"closed","sticky":false,"template":"","format":"standard","meta":{"footnotes":""},"categories":[24],"tags":[],"class_list":["post-6804","post","type-post","status-publish","format-standard","has-post-thumbnail","hentry","category-societe"],"_links":{"self":[{"href":"https:\/\/www.infoline.ci\/index.php?rest_route=\/wp\/v2\/posts\/6804","targetHints":{"allow":["GET"]}}],"collection":[{"href":"https:\/\/www.infoline.ci\/index.php?rest_route=\/wp\/v2\/posts"}],"about":[{"href":"https:\/\/www.infoline.ci\/index.php?rest_route=\/wp\/v2\/types\/post"}],"author":[{"embeddable":true,"href":"https:\/\/www.infoline.ci\/index.php?rest_route=\/wp\/v2\/users\/2"}],"replies":[{"embeddable":true,"href":"https:\/\/www.infoline.ci\/index.php?rest_route=%2Fwp%2Fv2%2Fcomments&post=6804"}],"version-history":[{"count":1,"href":"https:\/\/www.infoline.ci\/index.php?rest_route=\/wp\/v2\/posts\/6804\/revisions"}],"predecessor-version":[{"id":6806,"href":"https:\/\/www.infoline.ci\/index.php?rest_route=\/wp\/v2\/posts\/6804\/revisions\/6806"}],"wp:featuredmedia":[{"embeddable":true,"href":"https:\/\/www.infoline.ci\/index.php?rest_route=\/wp\/v2\/media\/6805"}],"wp:attachment":[{"href":"https:\/\/www.infoline.ci\/index.php?rest_route=%2Fwp%2Fv2%2Fmedia&parent=6804"}],"wp:term":[{"taxonomy":"category","embeddable":true,"href":"https:\/\/www.infoline.ci\/index.php?rest_route=%2Fwp%2Fv2%2Fcategories&post=6804"},{"taxonomy":"post_tag","embeddable":true,"href":"https:\/\/www.infoline.ci\/index.php?rest_route=%2Fwp%2Fv2%2Ftags&post=6804"}],"curies":[{"name":"wp","href":"https:\/\/api.w.org\/{rel}","templated":true}]}}