{"id":6449,"date":"2020-09-03T08:39:10","date_gmt":"2020-09-03T08:39:10","guid":{"rendered":"http:\/\/www.infoline.ci\/?p=6449"},"modified":"2020-09-03T09:41:47","modified_gmt":"2020-09-03T09:41:47","slug":"ouattara-devient-de-moins-en-moins-frequentable-surtout-apres-sa-declaration-de-candidature-pour-un-3eme-mandatle-dejeuner-avec-macron-annule","status":"publish","type":"post","link":"https:\/\/www.infoline.ci\/?p=6449","title":{"rendered":"Ouattara devient de moins en moins fr\u00e9quentable surtout apr\u00e8s sa d\u00e9claration de candidature pour un 3\u00e8me mandat,le d\u00e9jeuner avec Macron annul\u00e9"},"content":{"rendered":"\n<p>Le Pr\u00e9sident Ouattara devient de moins en moins fr\u00e9quentable surtout apr\u00e8s sa d\u00e9claration de candidature pour un 3\u00e8me mandat. Le mandat de trop.<\/p>\n\n\n\n<p>En effet apr\u00e8s un entretien t\u00e9l\u00e9phonique difficile sollicit\u00e9 par le Pr\u00e9sident Ivoirien, son homologue avait accept\u00e9 de le recevoir pour poursuivre les entretiens cette fois autour d\u2019une table \u00e0 manger. Il se trouve que le PR Fran\u00e7ais est particuli\u00e8rement d\u00e9\u00e7u de son h\u00f4te encombrant.<\/p>\n\n\n\n<p>En r\u00e9alit\u00e9 le Pr\u00e9sident Fran\u00e7ais ne veut pas le voir. Il sait tr\u00e8s bien que Ouattara ne cherche qu\u2019\u00e0 prendre une photo de son d\u00e9jeuner Pour ensuite la brandir comme \u00e9tant la preuve qu\u2019il a le ferme soutien de Paris.<\/p>\n\n\n\n<p>Pour l\u2019heure on lui r\u00e9torque que le PR Fran\u00e7ais est en voyage dans le moyen orient. Comme un gamin Ouattara est en attente \u00e0 Paris pour voir co\u00fbte que co\u00fbte son \u00ab\u00a0fiston\u00a0\u00bb que dis-je, le Pr\u00e9sident Fran\u00e7ais.<\/p>\n\n\n\n<p>Aux derni\u00e8res Nouvelles, Ouattara se sentant humili\u00e9 par ce faux bond Pr\u00e9sidentiel de son homologue fait des pieds et des mains aid\u00e9 par son ami Nicolas Sarkozy pour obtenir une d\u00e9programmation de ce d\u00e9jeuner dont il a d\u00e9sesp\u00e9r\u00e9ment besoin.<\/p>\n\n\n\n<p>Emmanuel Ok\u00e9<\/p>\n\n\n\n<p>source : ivoirebusiness.net<\/p>\n","protected":false},"excerpt":{"rendered":"<p>Le Pr\u00e9sident Ouattara devient de moins en moins fr\u00e9quentable surtout apr\u00e8s sa d\u00e9claration de candidature pour un 3\u00e8me mandat. Le mandat de trop. En effet apr\u00e8s un entretien t\u00e9l\u00e9phonique difficile sollicit\u00e9 par le Pr\u00e9sident Ivoirien, son homologue avait accept\u00e9 de le recevoir pour poursuivre les entretiens cette fois autour d\u2019une table \u00e0 manger. Il se [&hellip;]<\/p>\n","protected":false},"author":2,"featured_media":6450,"comment_status":"closed","ping_status":"closed","sticky":false,"template":"","format":"standard","meta":{"footnotes":""},"categories":[2,23],"tags":[],"class_list":["post-6449","post","type-post","status-publish","format-standard","has-post-thumbnail","hentry","category-nos-une","category-politique"],"_links":{"self":[{"href":"https:\/\/www.infoline.ci\/index.php?rest_route=\/wp\/v2\/posts\/6449","targetHints":{"allow":["GET"]}}],"collection":[{"href":"https:\/\/www.infoline.ci\/index.php?rest_route=\/wp\/v2\/posts"}],"about":[{"href":"https:\/\/www.infoline.ci\/index.php?rest_route=\/wp\/v2\/types\/post"}],"author":[{"embeddable":true,"href":"https:\/\/www.infoline.ci\/index.php?rest_route=\/wp\/v2\/users\/2"}],"replies":[{"embeddable":true,"href":"https:\/\/www.infoline.ci\/index.php?rest_route=%2Fwp%2Fv2%2Fcomments&post=6449"}],"version-history":[{"count":2,"href":"https:\/\/www.infoline.ci\/index.php?rest_route=\/wp\/v2\/posts\/6449\/revisions"}],"predecessor-version":[{"id":6464,"href":"https:\/\/www.infoline.ci\/index.php?rest_route=\/wp\/v2\/posts\/6449\/revisions\/6464"}],"wp:featuredmedia":[{"embeddable":true,"href":"https:\/\/www.infoline.ci\/index.php?rest_route=\/wp\/v2\/media\/6450"}],"wp:attachment":[{"href":"https:\/\/www.infoline.ci\/index.php?rest_route=%2Fwp%2Fv2%2Fmedia&parent=6449"}],"wp:term":[{"taxonomy":"category","embeddable":true,"href":"https:\/\/www.infoline.ci\/index.php?rest_route=%2Fwp%2Fv2%2Fcategories&post=6449"},{"taxonomy":"post_tag","embeddable":true,"href":"https:\/\/www.infoline.ci\/index.php?rest_route=%2Fwp%2Fv2%2Ftags&post=6449"}],"curies":[{"name":"wp","href":"https:\/\/api.w.org\/{rel}","templated":true}]}}