{"id":6441,"date":"2020-08-31T22:47:39","date_gmt":"2020-08-31T22:47:39","guid":{"rendered":"http:\/\/www.infoline.ci\/?p=6441"},"modified":"2020-08-31T22:47:42","modified_gmt":"2020-08-31T22:47:42","slug":"autonomisation-des-femmes-dimbokro-donne-le-ton-avec-la-naissance-de-l-afemda","status":"publish","type":"post","link":"https:\/\/www.infoline.ci\/?p=6441","title":{"rendered":"Autonomisation des femmes : Dimbokro donne le ton avec la naissance de l\u2019 AFEMDA"},"content":{"rendered":"\n<p>Journ\u00e9e festive samedi 29 ao\u00fbt 2020 \u00e0 Abidjan \u00e0 l\u2019 occasion de la c\u00e9r\u00e9monie de&nbsp; pr\u00e9sentation de l\u2019AFEMDA (Association des Femmes de Dimbokro et Alli\u00e9s) Une c\u00e9r\u00e9monie qui a \u00e9t\u00e9 plac\u00e9e sous le patronage de Mme Ly Ramata, Ministre de la famille et de l\u2019enfant et sous le parrainage de M. Mory Diabat\u00e9 Pr\u00e9sident Fondateur des Universit\u00e9s Nord sud. La Pr\u00e9sidente de cette Association Mme Fan\u00e9 Mariam \u00e9pouse Sanogo a montr\u00e9 le bien-fond\u00e9 de ladite association. En ce sens qu\u2019elle encadrera les femmes issues de la r\u00e9gion administrative du N\u2019zi et leurs alli\u00e9es afin de faire d\u2019elles, des femmes pourvoyeuses de richesse pour leur famille. &nbsp;Une raison qui a suscit\u00e9e l\u2019int\u00e9r\u00eat de la tutelle \u00e0 soutenir cette action car elle r\u00e9pond \u00e0 la politique d\u2019autonomisation des femmes pr\u00f4n\u00e9e par le gouvernement ivoirien. C\u2019 est pourquoi Mme Demb\u00e9l\u00e9 Mariam directrice de la formation au sein dudit minist\u00e8re et repr\u00e9sentante de la ministre a encourag\u00e9 ces braves femmes \u00e0 faire prosp\u00e9rer leur bien commun. Le c\u00f4t\u00e9 culturel n\u2019 a pas \u00e9t\u00e9 oubli\u00e9 au cours de cette c\u00e9l\u00e9bration avec une animation particuli\u00e8re au grand bonheur des concern\u00e9es et invit\u00e9s. L\u2019 on esp\u00e8re que cette Association qui vient de prendre son envol dans le paysage \u00e9conomique de la C\u00f4te d\u2019 Ivoire permettra \u00e0 ces nombreuses femmes de r\u00e9aliser leur r\u00eave :survenir aux besoins de leurs familles qui vivent pour la plupart dans la mis\u00e8re.<\/p>\n\n\n\n<p>Kosstoloss<\/p>\n","protected":false},"excerpt":{"rendered":"<p>Journ\u00e9e festive samedi 29 ao\u00fbt 2020 \u00e0 Abidjan \u00e0 l\u2019 occasion de la c\u00e9r\u00e9monie de&nbsp; pr\u00e9sentation de l\u2019AFEMDA (Association des Femmes de Dimbokro et Alli\u00e9s) Une c\u00e9r\u00e9monie qui a \u00e9t\u00e9 plac\u00e9e sous le patronage de Mme Ly Ramata, Ministre de la famille et de l\u2019enfant et sous le parrainage de M. Mory Diabat\u00e9 Pr\u00e9sident Fondateur [&hellip;]<\/p>\n","protected":false},"author":2,"featured_media":6442,"comment_status":"closed","ping_status":"closed","sticky":false,"template":"","format":"standard","meta":{"footnotes":""},"categories":[24],"tags":[],"class_list":["post-6441","post","type-post","status-publish","format-standard","has-post-thumbnail","hentry","category-societe"],"_links":{"self":[{"href":"https:\/\/www.infoline.ci\/index.php?rest_route=\/wp\/v2\/posts\/6441","targetHints":{"allow":["GET"]}}],"collection":[{"href":"https:\/\/www.infoline.ci\/index.php?rest_route=\/wp\/v2\/posts"}],"about":[{"href":"https:\/\/www.infoline.ci\/index.php?rest_route=\/wp\/v2\/types\/post"}],"author":[{"embeddable":true,"href":"https:\/\/www.infoline.ci\/index.php?rest_route=\/wp\/v2\/users\/2"}],"replies":[{"embeddable":true,"href":"https:\/\/www.infoline.ci\/index.php?rest_route=%2Fwp%2Fv2%2Fcomments&post=6441"}],"version-history":[{"count":1,"href":"https:\/\/www.infoline.ci\/index.php?rest_route=\/wp\/v2\/posts\/6441\/revisions"}],"predecessor-version":[{"id":6443,"href":"https:\/\/www.infoline.ci\/index.php?rest_route=\/wp\/v2\/posts\/6441\/revisions\/6443"}],"wp:featuredmedia":[{"embeddable":true,"href":"https:\/\/www.infoline.ci\/index.php?rest_route=\/wp\/v2\/media\/6442"}],"wp:attachment":[{"href":"https:\/\/www.infoline.ci\/index.php?rest_route=%2Fwp%2Fv2%2Fmedia&parent=6441"}],"wp:term":[{"taxonomy":"category","embeddable":true,"href":"https:\/\/www.infoline.ci\/index.php?rest_route=%2Fwp%2Fv2%2Fcategories&post=6441"},{"taxonomy":"post_tag","embeddable":true,"href":"https:\/\/www.infoline.ci\/index.php?rest_route=%2Fwp%2Fv2%2Ftags&post=6441"}],"curies":[{"name":"wp","href":"https:\/\/api.w.org\/{rel}","templated":true}]}}