{"id":6402,"date":"2020-08-12T18:26:12","date_gmt":"2020-08-12T18:26:12","guid":{"rendered":"http:\/\/www.infoline.ci\/?p=6402"},"modified":"2020-08-12T18:26:13","modified_gmt":"2020-08-12T18:26:13","slug":"sursaut-national-contre-le-3e-mandat-la-jeunesse-de-lopposition-eds-cdrp-gps-promet-de-paralyser-le-pays-jeudi-le-13-aout-2020","status":"publish","type":"post","link":"https:\/\/www.infoline.ci\/?p=6402","title":{"rendered":"Sursaut national contre le 3e mandat : La jeunesse de l\u2019opposition (EDS-CDRP-GPS) promet de paralyser le pays jeudi le 13 ao\u00fbt 2020"},"content":{"rendered":"\n<p>\u00ab La jeunesse de l\u2019opposition promet paralyser le pays jeudi \u00bb<\/p>\n\n\n\n<p>Apr\u00e8s quelques jours de tergiversations depuis l\u2019annonce d\u2019une troisi\u00e8me candidature d\u2019Alassane Ouattara, l\u2019opposition ivoirienne et la soci\u00e9t\u00e9 civile semblent vent debout contre le projet du chef de l\u2019\u00e9tat.<\/p>\n\n\n\n<p>Mardi \u00e0 la Maison du parti, si\u00e8ge du Pdci \u00e0 Cocody, les jeunes des diff\u00e9rents partis politiques y compris les plus grands (Pdci, Fpi, Raci, Gps\u2026) ont annonc\u00e9 des manifestations pour contrarier la d\u00e9cision de Ouattara d\u2019\u00eatre le candidat du Rhdp, le 31 octobre 2020.<\/p>\n\n\n\n<p>Par la voix de Kouassi Valentin (Jpdci) et de Dahi Nestor (Fpi-Eds), ils ont d\u00e9nonc\u00e9 les d\u00e9rives dictatoriales du locataire du palais du Plateau avant de lancer cet appel \u00e0 toutes les couches de la population m\u00e9contentes du projet de 3e mandat d\u2019Alassane Ouattara : \u00bb Nous demandons \u00e0 tous les ivoiriens de se joindre au mouvement de la soci\u00e9t\u00e9 civile\u2026 Levons-nous dans toutes les villes d\u00e8s ce jeudi 13 ao\u00fbt pour la restauration de la d\u00e9mocratie et de l\u2019\u00e9tat de droit \u00bb, a appel\u00e9 Dahi Nestor en compagnie des autres responsables de jeunesse de partis politiques.<\/p>\n\n\n\n<p>source; ivoirebusiness.net<\/p>\n","protected":false},"excerpt":{"rendered":"<p>\u00ab La jeunesse de l\u2019opposition promet paralyser le pays jeudi \u00bb Apr\u00e8s quelques jours de tergiversations depuis l\u2019annonce d\u2019une troisi\u00e8me candidature d\u2019Alassane Ouattara, l\u2019opposition ivoirienne et la soci\u00e9t\u00e9 civile semblent vent debout contre le projet du chef de l\u2019\u00e9tat. Mardi \u00e0 la Maison du parti, si\u00e8ge du Pdci \u00e0 Cocody, les jeunes des diff\u00e9rents partis [&hellip;]<\/p>\n","protected":false},"author":2,"featured_media":6403,"comment_status":"closed","ping_status":"closed","sticky":false,"template":"","format":"standard","meta":{"footnotes":""},"categories":[23],"tags":[],"class_list":["post-6402","post","type-post","status-publish","format-standard","has-post-thumbnail","hentry","category-politique"],"_links":{"self":[{"href":"https:\/\/www.infoline.ci\/index.php?rest_route=\/wp\/v2\/posts\/6402","targetHints":{"allow":["GET"]}}],"collection":[{"href":"https:\/\/www.infoline.ci\/index.php?rest_route=\/wp\/v2\/posts"}],"about":[{"href":"https:\/\/www.infoline.ci\/index.php?rest_route=\/wp\/v2\/types\/post"}],"author":[{"embeddable":true,"href":"https:\/\/www.infoline.ci\/index.php?rest_route=\/wp\/v2\/users\/2"}],"replies":[{"embeddable":true,"href":"https:\/\/www.infoline.ci\/index.php?rest_route=%2Fwp%2Fv2%2Fcomments&post=6402"}],"version-history":[{"count":1,"href":"https:\/\/www.infoline.ci\/index.php?rest_route=\/wp\/v2\/posts\/6402\/revisions"}],"predecessor-version":[{"id":6404,"href":"https:\/\/www.infoline.ci\/index.php?rest_route=\/wp\/v2\/posts\/6402\/revisions\/6404"}],"wp:featuredmedia":[{"embeddable":true,"href":"https:\/\/www.infoline.ci\/index.php?rest_route=\/wp\/v2\/media\/6403"}],"wp:attachment":[{"href":"https:\/\/www.infoline.ci\/index.php?rest_route=%2Fwp%2Fv2%2Fmedia&parent=6402"}],"wp:term":[{"taxonomy":"category","embeddable":true,"href":"https:\/\/www.infoline.ci\/index.php?rest_route=%2Fwp%2Fv2%2Fcategories&post=6402"},{"taxonomy":"post_tag","embeddable":true,"href":"https:\/\/www.infoline.ci\/index.php?rest_route=%2Fwp%2Fv2%2Ftags&post=6402"}],"curies":[{"name":"wp","href":"https:\/\/api.w.org\/{rel}","templated":true}]}}