{"id":6259,"date":"2020-05-28T13:04:49","date_gmt":"2020-05-28T13:04:49","guid":{"rendered":"http:\/\/www.infoline.ci\/?p=6259"},"modified":"2020-05-28T13:05:03","modified_gmt":"2020-05-28T13:05:03","slug":"coup-de-tonnerre-amadou-soumahoro-serait-il-malade-et-transfere-en-france","status":"publish","type":"post","link":"https:\/\/www.infoline.ci\/?p=6259","title":{"rendered":"Coup de tonnerre :Amadou Soumahoro serait-il, malade et transf\u00e9r\u00e9 en France ?"},"content":{"rendered":"\n<p>Le pr\u00e9sident de l\u2019Assembl\u00e9e nationale ivoirienne, Amadou Soumahoro a-t-il \u00e9t\u00e9 transf\u00e9r\u00e9 d\u2019urgence, pour des soins m\u00e9dicaux, \u00e0 l\u2019h\u00f4pital, en France, le samedi 23 mai 2020 ? Les milieux des grandes oreilles de la capitale ivoirienne bruissent, tandis que les proches de l\u2019homme fort du Worodougou bottent en touche.<\/p>\n\n\n\n<p>Amadou Soumahoro est-il malade ? O\u00f9 \u00e9tait le pr\u00e9sident de l\u2019Assembl\u00e9e nationale ivoirienne ce week-end ? Depuis le vendredi 22 mai, des informations insistantes font \u00e9tat de ce que le pr\u00e9sident de l\u2019Assembl\u00e9e nationale devrait se rendre \u00e0 Paris. Motif \u00e9voqu\u00e9 : des soins m\u00e9dicaux. Une information difficile \u00e0 recouper aupr\u00e8s de ses proches, dans un contexte d\u2019opacit\u00e9 sur l\u2019\u00e9tat de sant\u00e9 des dirigeants politiques.<\/p>\n\n\n\n<p>De fait, ces derniers jours, Amadou Soumahoro se faisait discret. L\u2019une de ses derni\u00e8res apparitions publiques remonte au lundi 18 mai 2020. Ce jour-l\u00e0, il avait alors pr\u00e9sid\u00e9 une r\u00e9union par visioconf\u00e9rence du comit\u00e9 des crise sur la Covid-19 de l\u2019Assembl\u00e9e parlementaire de la Francophonie (APF), depuis son bureau du Plateau (Abidjan). Il \u00e9tait entour\u00e9 par de principaux collaborateurs. Lors de cette rencontre, il avait l\u2019air bien portant et en pleine forme, affichant l\u2019embonpoint qu\u2019on lui conna\u00eet depuis son arriv\u00e9e au Perchoir, \u00e0 la place de Guillaume Soro, contraint \u00e0 la d\u00e9mission, en f\u00e9vrier 2019.<\/p>\n\n\n\n<p>Soumahoro avait alors annonc\u00e9 que la prochaine r\u00e9union du bureau de l\u2019APF devrait se tenait toujours par visioconf\u00e9rence le 6 juillet 2020. Quatre jours plus tard, des informations faisaient \u00e9tat de ce qu\u2019il devrait \u00eatre transf\u00e9r\u00e9 en France, pr\u00e9cis\u00e9ment \u00e0 Paris, pour des soins m\u00e9dicaux. Plusieurs rumeurs font \u00e9tat de sa pr\u00e9sence dans la capitale fran\u00e7aise, le samedi et deux ou trois jours suivants.<\/p>\n\n\n\n<p>Amadou Soumahoro transf\u00e9r\u00e9 \u00e0 Paris ?<\/p>\n\n\n\n<p>Un d\u00e9part en catimini qui n\u2019aurait pas fait l\u2019objet d\u2019un communiqu\u00e9 officiel encore moins d\u2019une annonce par le service de communication de l\u2019Assembl\u00e9e nationale. Interrog\u00e9e, Carmen Merheb Obou, sa principale communicante s\u2019est montr\u00e9e r\u00e9serv\u00e9e et prudente, l\u00e0 o\u00f9 il suffisait de dire que l\u2019information \u00e9tait fausse ou vraie. \u00ab Pour cela, rappelez-moi demain \u00bb, a-t-elle sugg\u00e9r\u00e9, tout en mettant brutalement fin \u00e0 la conversation.<\/p>\n\n\n\n<p>\u00ab La pl\u00e9ni\u00e8re de ce jeudi, donnerait plus d\u2019informations sur la pr\u00e9sence \u00e0 Abidjan d\u2019Amadou Soumahoro ou de son absence, pour cause de soins \u00e0 Paris \u00bb<\/p>\n\n\n\n<p>Quant a Alain Addra, le secr\u00e9taire g\u00e9n\u00e9ral de l\u2019Assembl\u00e9e nationale, il a purement et simplement d\u00e9cid\u00e9 de ne pas r\u00e9pondre aux sollicitations d\u2019Afriksoir. De bonne source, le cabinet d\u2019Amadou Soumahoro joue la montre, dans l\u2019hypoth\u00e8se d\u2019un transfert \u00e0 Paris.<\/p>\n\n\n\n<p>En effet, une session parlementaire importante est pr\u00e9vue ce jeudi \u00e0 l\u2019Assembl\u00e9e nationale. Alors que le PAN est annonc\u00e9 pour retourner \u00e0 Abidjan, ce mercredi, sa pr\u00e9sence \u00e0 la pl\u00e9ni\u00e8re de jeudi, aurait permis de mettre un terme \u00e0 toutes les supputations. L\u2019information \u00e9tant g\u00e9r\u00e9e par un nombre tr\u00e8s r\u00e9duit de proches, il est probable que son cabinet ne sache pas exactement o\u00f9 il se trouve, d\u00e9crypte notre source.<\/p>\n\n\n\n<p>De Gon \u00e0 Soumahoro<\/p>\n\n\n\n<p>Rappelons que lundi, le secr\u00e9taire g\u00e9n\u00e9ral de l\u2019Assembl\u00e9e nationale avait annul\u00e9 la s\u00e9ance pl\u00e9ni\u00e8re de demain. Deux jours plus tard, il a inform\u00e9 les d\u00e9put\u00e9s que celle-ci aurait lieu. Des incertitudes de calendrier qui alimentent la th\u00e9orie du gain du temps ou de la gestion en catimini de cette pr\u00e9sence g\u00eanante \u00e0 Paris.<\/p>\n\n\n\n<p>En tout \u00e9tat de cause, la pl\u00e9ni\u00e8re de ce jeudi, donnerait plus d\u2019informations sur la pr\u00e9sence \u00e0 Abidjan d\u2019Amadou Soumahoro ou de son absence, pour cause de soins \u00e0 Paris. La communication discr\u00e8te op\u00e9r\u00e9e par le pouvoir sur de voyage ou non de Amadou Soumahoro \u00e0 Paris, trouve sa source dans le scandale qu\u2019a cr\u00e9\u00e9 le transfert \u00e0 Paris, du Premier ministre Amadou Gon Coulibaly, candidat du RHDP, en pleine crise du coronavirus, alors que les fronti\u00e8res sont ferm\u00e9es et que le syst\u00e8me sanitaire en C\u00f4te d\u2019Ivoire est poussif dans de nombreuses localit\u00e9s o\u00f9 se soignent des citoyens qui n\u2019ont d\u2019autre choix que d\u2019accepter ces conditions d\u00e9grad\u00e9es ou de p\u00e9rir par le manque d\u2019infrastructures sanitaires ad\u00e9quates.<\/p>\n\n\n\n<p> source :Afriksoir.net <\/p>\n\n\n\n<p><\/p>\n\n\n\n<p>.<\/p>\n","protected":false},"excerpt":{"rendered":"<p>Le pr\u00e9sident de l\u2019Assembl\u00e9e nationale ivoirienne, Amadou Soumahoro a-t-il \u00e9t\u00e9 transf\u00e9r\u00e9 d\u2019urgence, pour des soins m\u00e9dicaux, \u00e0 l\u2019h\u00f4pital, en France, le samedi 23 mai 2020 ? Les milieux des grandes oreilles de la capitale ivoirienne bruissent, tandis que les proches de l\u2019homme fort du Worodougou bottent en touche. Amadou Soumahoro est-il malade ? O\u00f9 \u00e9tait [&hellip;]<\/p>\n","protected":false},"author":2,"featured_media":6260,"comment_status":"closed","ping_status":"closed","sticky":false,"template":"","format":"standard","meta":{"footnotes":""},"categories":[23],"tags":[],"class_list":["post-6259","post","type-post","status-publish","format-standard","has-post-thumbnail","hentry","category-politique"],"_links":{"self":[{"href":"https:\/\/www.infoline.ci\/index.php?rest_route=\/wp\/v2\/posts\/6259","targetHints":{"allow":["GET"]}}],"collection":[{"href":"https:\/\/www.infoline.ci\/index.php?rest_route=\/wp\/v2\/posts"}],"about":[{"href":"https:\/\/www.infoline.ci\/index.php?rest_route=\/wp\/v2\/types\/post"}],"author":[{"embeddable":true,"href":"https:\/\/www.infoline.ci\/index.php?rest_route=\/wp\/v2\/users\/2"}],"replies":[{"embeddable":true,"href":"https:\/\/www.infoline.ci\/index.php?rest_route=%2Fwp%2Fv2%2Fcomments&post=6259"}],"version-history":[{"count":1,"href":"https:\/\/www.infoline.ci\/index.php?rest_route=\/wp\/v2\/posts\/6259\/revisions"}],"predecessor-version":[{"id":6261,"href":"https:\/\/www.infoline.ci\/index.php?rest_route=\/wp\/v2\/posts\/6259\/revisions\/6261"}],"wp:featuredmedia":[{"embeddable":true,"href":"https:\/\/www.infoline.ci\/index.php?rest_route=\/wp\/v2\/media\/6260"}],"wp:attachment":[{"href":"https:\/\/www.infoline.ci\/index.php?rest_route=%2Fwp%2Fv2%2Fmedia&parent=6259"}],"wp:term":[{"taxonomy":"category","embeddable":true,"href":"https:\/\/www.infoline.ci\/index.php?rest_route=%2Fwp%2Fv2%2Fcategories&post=6259"},{"taxonomy":"post_tag","embeddable":true,"href":"https:\/\/www.infoline.ci\/index.php?rest_route=%2Fwp%2Fv2%2Ftags&post=6259"}],"curies":[{"name":"wp","href":"https:\/\/api.w.org\/{rel}","templated":true}]}}