{"id":6086,"date":"2020-04-17T19:26:05","date_gmt":"2020-04-17T19:26:05","guid":{"rendered":"http:\/\/www.infoline.ci\/?p=6086"},"modified":"2020-04-17T19:31:30","modified_gmt":"2020-04-17T19:31:30","slug":"covid-19-le-ministre-detat-ministre-de-la-defense-hamed-bakayoko-a-ete-declare-gueri","status":"publish","type":"post","link":"https:\/\/www.infoline.ci\/?p=6086","title":{"rendered":"Covid-19\/ le ministre d\u2019Etat, ministre de la d\u00e9fense Hamed Bakayoko gu\u00e9rit"},"content":{"rendered":"\n<p>L\u2019annonce de sa gu\u00e9rison a \u00e9t\u00e9 faite \u00e0 travers une d\u00e9claration officielle ce vendredi 17 avril 2020.<br><strong>&nbsp;\u00ab Le jeudi 16 avril 2020, j\u2019ai \u00e9t\u00e9 d\u00e9clar\u00e9 gu\u00e9ri apr\u00e8s les tests de contr\u00f4le au Covid-19, suite \u00e0 un confinement et au respect du protocole m\u00e9dical prescrit par les m\u00e9decins. Je rends gr\u00e2ce \u00e0 Dieu pour cette gu\u00e9rison. Je remercie le corps m\u00e9dical et param\u00e9dical de notre pays sans oublier tous les acteurs de la lutte contre le Coronavirus \u00bb<\/strong>, a-t-il d\u00e9clar\u00e9.<\/p>\n\n\n\n<p>Avant d\u2019exprimer sa reconnaissance pour les soutiens \u00e0 lui exprimer&nbsp;<strong>\u00ab J\u2019exprime ma reconnaissance et ma gratitude \u00e0 tous ceux et celles qui m\u2019ont soutenu \u00e0 travers de nombreux t\u00e9moignages. Cela m\u2019a \u00e9t\u00e9 d\u2019un grand r\u00e9confort. Restons mobilis\u00e9s et engag\u00e9s contre cette pand\u00e9mie. J\u2019invite une fois de plus les uns et les autres au strict respect des mesures sanitaires et des d\u00e9cisions prises par le Pr\u00e9sident de la R\u00e9publique et le Gouvernement \u00bb<\/strong>.&nbsp;<\/p>\n\n\n\n<p>Tout en ayant une pens\u00e9e pour les malades&nbsp;<strong>\u00ab J\u2019ai une pens\u00e9e pour toutes les personnes qui, en C\u00f4te d\u2019Ivoire ou ailleurs dans le monde luttent contre la maladie \u00e0 Covid-19. Je leur adresse mes v\u0153ux de meilleure sant\u00e9 \u00bb<\/strong><\/p>\n\n\n\n<p>la r\u00e9daction <\/p>\n","protected":false},"excerpt":{"rendered":"<p>L\u2019annonce de sa gu\u00e9rison a \u00e9t\u00e9 faite \u00e0 travers une d\u00e9claration officielle ce vendredi 17 avril 2020.&nbsp;\u00ab Le jeudi 16 avril 2020, j\u2019ai \u00e9t\u00e9 d\u00e9clar\u00e9 gu\u00e9ri apr\u00e8s les tests de contr\u00f4le au Covid-19, suite \u00e0 un confinement et au respect du protocole m\u00e9dical prescrit par les m\u00e9decins. Je rends gr\u00e2ce \u00e0 Dieu pour cette gu\u00e9rison. [&hellip;]<\/p>\n","protected":false},"author":2,"featured_media":6087,"comment_status":"closed","ping_status":"closed","sticky":false,"template":"","format":"standard","meta":{"footnotes":""},"categories":[24],"tags":[],"class_list":["post-6086","post","type-post","status-publish","format-standard","has-post-thumbnail","hentry","category-societe"],"_links":{"self":[{"href":"https:\/\/www.infoline.ci\/index.php?rest_route=\/wp\/v2\/posts\/6086","targetHints":{"allow":["GET"]}}],"collection":[{"href":"https:\/\/www.infoline.ci\/index.php?rest_route=\/wp\/v2\/posts"}],"about":[{"href":"https:\/\/www.infoline.ci\/index.php?rest_route=\/wp\/v2\/types\/post"}],"author":[{"embeddable":true,"href":"https:\/\/www.infoline.ci\/index.php?rest_route=\/wp\/v2\/users\/2"}],"replies":[{"embeddable":true,"href":"https:\/\/www.infoline.ci\/index.php?rest_route=%2Fwp%2Fv2%2Fcomments&post=6086"}],"version-history":[{"count":3,"href":"https:\/\/www.infoline.ci\/index.php?rest_route=\/wp\/v2\/posts\/6086\/revisions"}],"predecessor-version":[{"id":6090,"href":"https:\/\/www.infoline.ci\/index.php?rest_route=\/wp\/v2\/posts\/6086\/revisions\/6090"}],"wp:featuredmedia":[{"embeddable":true,"href":"https:\/\/www.infoline.ci\/index.php?rest_route=\/wp\/v2\/media\/6087"}],"wp:attachment":[{"href":"https:\/\/www.infoline.ci\/index.php?rest_route=%2Fwp%2Fv2%2Fmedia&parent=6086"}],"wp:term":[{"taxonomy":"category","embeddable":true,"href":"https:\/\/www.infoline.ci\/index.php?rest_route=%2Fwp%2Fv2%2Fcategories&post=6086"},{"taxonomy":"post_tag","embeddable":true,"href":"https:\/\/www.infoline.ci\/index.php?rest_route=%2Fwp%2Fv2%2Ftags&post=6086"}],"curies":[{"name":"wp","href":"https:\/\/api.w.org\/{rel}","templated":true}]}}