{"id":6072,"date":"2020-04-14T18:43:18","date_gmt":"2020-04-14T18:43:18","guid":{"rendered":"http:\/\/www.infoline.ci\/?p=6072"},"modified":"2020-04-14T19:16:43","modified_gmt":"2020-04-14T19:16:43","slug":"priere-de-liberation-et-de-guerison-par-lesprit-saint","status":"publish","type":"post","link":"https:\/\/www.infoline.ci\/?p=6072","title":{"rendered":"Pri\u00e8re de lib\u00e9ration et de gu\u00e9rison par l&rsquo;Esprit Saint"},"content":{"rendered":"\n<figure class=\"wp-block-embed-youtube wp-block-embed is-type-video is-provider-youtube wp-embed-aspect-4-3 wp-has-aspect-ratio\"><div class=\"wp-block-embed__wrapper\">\n<iframe loading=\"lazy\" title=\"\u271d\ufe0f \ud83d\udd25PRI\u00c8RE DE LIB\u00c9RATION ET DE GU\u00c9RISON PAR L&#039;ESPRIT SAINT\ud83d\udd25 \u271d\ufe0f\" width=\"640\" height=\"360\" src=\"https:\/\/www.youtube.com\/embed\/iPrdavFM518?feature=oembed\" frameborder=\"0\" allow=\"accelerometer; autoplay; clipboard-write; encrypted-media; gyroscope; picture-in-picture; web-share\" referrerpolicy=\"strict-origin-when-cross-origin\" allowfullscreen><\/iframe>\n<\/div><\/figure>\n\n\n\n<p>Fr\u00e8re et s\u0153urs nous sommes dans les derniers temps m\u00e9ditons cette pri\u00e8re de lib\u00e9ration et de gu\u00e9rison par l&rsquo;Esprit Saint au nom de J\u00e9sus Christ de Nazareth<\/p>\n","protected":false},"excerpt":{"rendered":"<p>Fr\u00e8re et s\u0153urs nous sommes dans les derniers temps m\u00e9ditons cette pri\u00e8re de lib\u00e9ration et de gu\u00e9rison par l&rsquo;Esprit Saint au nom de J\u00e9sus Christ de Nazareth<\/p>\n","protected":false},"author":2,"featured_media":6076,"comment_status":"closed","ping_status":"closed","sticky":false,"template":"","format":"standard","meta":{"footnotes":""},"categories":[33],"tags":[],"class_list":["post-6072","post","type-post","status-publish","format-standard","has-post-thumbnail","hentry","category-religion"],"_links":{"self":[{"href":"https:\/\/www.infoline.ci\/index.php?rest_route=\/wp\/v2\/posts\/6072","targetHints":{"allow":["GET"]}}],"collection":[{"href":"https:\/\/www.infoline.ci\/index.php?rest_route=\/wp\/v2\/posts"}],"about":[{"href":"https:\/\/www.infoline.ci\/index.php?rest_route=\/wp\/v2\/types\/post"}],"author":[{"embeddable":true,"href":"https:\/\/www.infoline.ci\/index.php?rest_route=\/wp\/v2\/users\/2"}],"replies":[{"embeddable":true,"href":"https:\/\/www.infoline.ci\/index.php?rest_route=%2Fwp%2Fv2%2Fcomments&post=6072"}],"version-history":[{"count":1,"href":"https:\/\/www.infoline.ci\/index.php?rest_route=\/wp\/v2\/posts\/6072\/revisions"}],"predecessor-version":[{"id":6075,"href":"https:\/\/www.infoline.ci\/index.php?rest_route=\/wp\/v2\/posts\/6072\/revisions\/6075"}],"wp:featuredmedia":[{"embeddable":true,"href":"https:\/\/www.infoline.ci\/index.php?rest_route=\/wp\/v2\/media\/6076"}],"wp:attachment":[{"href":"https:\/\/www.infoline.ci\/index.php?rest_route=%2Fwp%2Fv2%2Fmedia&parent=6072"}],"wp:term":[{"taxonomy":"category","embeddable":true,"href":"https:\/\/www.infoline.ci\/index.php?rest_route=%2Fwp%2Fv2%2Fcategories&post=6072"},{"taxonomy":"post_tag","embeddable":true,"href":"https:\/\/www.infoline.ci\/index.php?rest_route=%2Fwp%2Fv2%2Ftags&post=6072"}],"curies":[{"name":"wp","href":"https:\/\/api.w.org\/{rel}","templated":true}]}}