{"id":6028,"date":"2020-04-03T11:27:00","date_gmt":"2020-04-03T11:27:00","guid":{"rendered":"http:\/\/www.infoline.ci\/?p=6028"},"modified":"2020-04-03T11:27:03","modified_gmt":"2020-04-03T11:27:03","slug":"football-international-junior-traore-plait-a-arsenal","status":"publish","type":"post","link":"https:\/\/www.infoline.ci\/?p=6028","title":{"rendered":"Football\/ International : Junior Traor\u00e8 pla\u00eet \u00e0 Arsenal"},"content":{"rendered":"\n<p>Un des piliers du dispositif de Sassuolo cette saison, Ahmed\nJunior Traor\u00e8&nbsp; auteur de 4 buts et une\npasse d\u00e9cisive en 22 apparitions, est dans&nbsp;\nle viseur d&rsquo;Arsenal qui souhaite l&rsquo;enr\u00f4ler&nbsp; au prochain mercato estival.<\/p>\n\n\n\n<p>Pr\u00eat\u00e9 par Empoli pour 2 saisons, Ahmed Junior Traor\u00e8\npourrait quitter l&rsquo;Italie&nbsp; au soir de cet\nexercice .Car Mikel Arteta,le patron du banc&nbsp;\nd&rsquo;Arsenal r\u00eave de le voir dans son effectif ,la saison prochaine. En\ntout cas, si l&rsquo;on s&rsquo;en tient \u00e0 90min.<\/p>\n\n\n\n<p>R\u00e9gulier&nbsp; avec les\nvert et noir, le milieu offensif ivoirien m\u00e9daill\u00e9 d&rsquo;argent \u00e0 la CAN U23 2019\nfait partie du top 20 des joueurs&nbsp; n\u00e9s en\n2000 les plus utilis\u00e9s des cinq grands championnats d&rsquo;Europe. Truff\u00e9 de\nqualit\u00e9s \u00e0 son jeune \u00e2ge, l&rsquo;a\u00een\u00e9 de Diallo Ahmad Traor\u00e9 (Atlanta Bergame) a le\nprofil dont r\u00eave Arsenal pour \u00e9toffer son effectif cet \u00e9t\u00e9.<\/p>\n\n\n\n<p>18e du r\u00e9cent Top 20 des jeunes n\u00e9s en 2000 les plus chers\nau monde, Ahmed Junior Traor\u00e9 estim\u00e9 \u00e0&nbsp;\n27.6 millions d&rsquo;euros pourrait retrouver son a\u00een\u00e9 Nicolas P\u00e9p\u00e9 au sein\nde l&rsquo;\u00e9curie londonienne. Mais nous en sommes encore bien loin.<\/p>\n\n\n\n<p>LB .K<\/p>\n","protected":false},"excerpt":{"rendered":"<p>Un des piliers du dispositif de Sassuolo cette saison, Ahmed Junior Traor\u00e8&nbsp; auteur de 4 buts et une passe d\u00e9cisive en 22 apparitions, est dans&nbsp; le viseur d&rsquo;Arsenal qui souhaite l&rsquo;enr\u00f4ler&nbsp; au prochain mercato estival. Pr\u00eat\u00e9 par Empoli pour 2 saisons, Ahmed Junior Traor\u00e8 pourrait quitter l&rsquo;Italie&nbsp; au soir de cet exercice .Car Mikel Arteta,le [&hellip;]<\/p>\n","protected":false},"author":2,"featured_media":6029,"comment_status":"closed","ping_status":"closed","sticky":false,"template":"","format":"standard","meta":{"footnotes":""},"categories":[28],"tags":[],"class_list":["post-6028","post","type-post","status-publish","format-standard","has-post-thumbnail","hentry","category-football"],"_links":{"self":[{"href":"https:\/\/www.infoline.ci\/index.php?rest_route=\/wp\/v2\/posts\/6028","targetHints":{"allow":["GET"]}}],"collection":[{"href":"https:\/\/www.infoline.ci\/index.php?rest_route=\/wp\/v2\/posts"}],"about":[{"href":"https:\/\/www.infoline.ci\/index.php?rest_route=\/wp\/v2\/types\/post"}],"author":[{"embeddable":true,"href":"https:\/\/www.infoline.ci\/index.php?rest_route=\/wp\/v2\/users\/2"}],"replies":[{"embeddable":true,"href":"https:\/\/www.infoline.ci\/index.php?rest_route=%2Fwp%2Fv2%2Fcomments&post=6028"}],"version-history":[{"count":1,"href":"https:\/\/www.infoline.ci\/index.php?rest_route=\/wp\/v2\/posts\/6028\/revisions"}],"predecessor-version":[{"id":6030,"href":"https:\/\/www.infoline.ci\/index.php?rest_route=\/wp\/v2\/posts\/6028\/revisions\/6030"}],"wp:featuredmedia":[{"embeddable":true,"href":"https:\/\/www.infoline.ci\/index.php?rest_route=\/wp\/v2\/media\/6029"}],"wp:attachment":[{"href":"https:\/\/www.infoline.ci\/index.php?rest_route=%2Fwp%2Fv2%2Fmedia&parent=6028"}],"wp:term":[{"taxonomy":"category","embeddable":true,"href":"https:\/\/www.infoline.ci\/index.php?rest_route=%2Fwp%2Fv2%2Fcategories&post=6028"},{"taxonomy":"post_tag","embeddable":true,"href":"https:\/\/www.infoline.ci\/index.php?rest_route=%2Fwp%2Fv2%2Ftags&post=6028"}],"curies":[{"name":"wp","href":"https:\/\/api.w.org\/{rel}","templated":true}]}}