{"id":5977,"date":"2020-03-19T18:43:22","date_gmt":"2020-03-19T18:43:22","guid":{"rendered":"http:\/\/www.infoline.ci\/?p=5977"},"modified":"2020-03-19T18:46:31","modified_gmt":"2020-03-19T18:46:31","slug":"mesures-contre-la-pandemie-coronavirus-le-maire-de-grand-bassam-fait-fermer-le-marche-plus-frequente-de-la-region","status":"publish","type":"post","link":"https:\/\/www.infoline.ci\/?p=5977","title":{"rendered":"Mesures contre la  Pand\u00e9mie Coronavirus : le maire de Grand- Bassam fait fermer le march\u00e9 le plus fr\u00e9quent\u00e9 de la r\u00e9gion"},"content":{"rendered":"\n<p>Dans le souci de respecter les mesures sanitaire &nbsp;du gouvernement&nbsp; (interdit les grands rassemblements) ce &nbsp;jeudi 19 mars 2020, la Mairie de Grand-Bassam (banlieue du Sud-Est d\u2019Abidjan, en C\u00f4te d\u2019Ivoire) a d\u00e9cid\u00e9 de la fermeture d\u2019un des march\u00e9s les plus fr\u00e9quent\u00e9s de la ville.&nbsp;Selon Olivier Y\u00e9o, responsable adjoint de la communication de la Mairie de Grand-Bassam &nbsp; \u00ab La Mairie a d\u00e9cid\u00e9 de fermer ce jour du march\u00e9, parce qu\u2019il constitue une occasion de grand rassemblement. Les commer\u00e7ants viennent de toute la C\u00f4te d\u2019Ivoire et m\u00eame du Ghana voisin, pour exposer leurs marchandises \u00e0 la population.&nbsp; C\u2019est un terrain propice \u00e0 une \u00e9ventuelle propagation du coronavirus. C\u2019est ainsi qu\u2019il a \u00e9t\u00e9 d\u00e9cid\u00e9 de l&rsquo;interdiction de \u00ab\u00a0Jour du march\u00e9\u00a0\u00bb, pour respecter les mesures sanitaires du gouvernement. Le march\u00e9 fonctionnera comme les jours ordinaires. Il restera ouvert aux vendeuses de denr\u00e9es alimentaires et autres produits de premi\u00e8res n\u00e9cessit\u00e9 \u00bb, a pr\u00e9cis\u00e9 Olivier Y\u00e9o    Notons que &nbsp;les jeudis le petit march\u00e9 de la ville baln\u00e9aire&nbsp; rassemblant plusieurs milliers de personnes (commer\u00e7ants et clients)<\/p>\n\n\n\n<p>Carlo Mombohi<\/p>\n","protected":false},"excerpt":{"rendered":"<p>Dans le souci de respecter les mesures sanitaire &nbsp;du gouvernement&nbsp; (interdit les grands rassemblements) ce &nbsp;jeudi 19 mars 2020, la Mairie de Grand-Bassam (banlieue du Sud-Est d\u2019Abidjan, en C\u00f4te d\u2019Ivoire) a d\u00e9cid\u00e9 de la fermeture d\u2019un des march\u00e9s les plus fr\u00e9quent\u00e9s de la ville.&nbsp;Selon Olivier Y\u00e9o, responsable adjoint de la communication de la Mairie de [&hellip;]<\/p>\n","protected":false},"author":2,"featured_media":5978,"comment_status":"closed","ping_status":"closed","sticky":false,"template":"","format":"standard","meta":{"footnotes":""},"categories":[24],"tags":[],"class_list":["post-5977","post","type-post","status-publish","format-standard","has-post-thumbnail","hentry","category-societe"],"_links":{"self":[{"href":"https:\/\/www.infoline.ci\/index.php?rest_route=\/wp\/v2\/posts\/5977","targetHints":{"allow":["GET"]}}],"collection":[{"href":"https:\/\/www.infoline.ci\/index.php?rest_route=\/wp\/v2\/posts"}],"about":[{"href":"https:\/\/www.infoline.ci\/index.php?rest_route=\/wp\/v2\/types\/post"}],"author":[{"embeddable":true,"href":"https:\/\/www.infoline.ci\/index.php?rest_route=\/wp\/v2\/users\/2"}],"replies":[{"embeddable":true,"href":"https:\/\/www.infoline.ci\/index.php?rest_route=%2Fwp%2Fv2%2Fcomments&post=5977"}],"version-history":[{"count":3,"href":"https:\/\/www.infoline.ci\/index.php?rest_route=\/wp\/v2\/posts\/5977\/revisions"}],"predecessor-version":[{"id":5981,"href":"https:\/\/www.infoline.ci\/index.php?rest_route=\/wp\/v2\/posts\/5977\/revisions\/5981"}],"wp:featuredmedia":[{"embeddable":true,"href":"https:\/\/www.infoline.ci\/index.php?rest_route=\/wp\/v2\/media\/5978"}],"wp:attachment":[{"href":"https:\/\/www.infoline.ci\/index.php?rest_route=%2Fwp%2Fv2%2Fmedia&parent=5977"}],"wp:term":[{"taxonomy":"category","embeddable":true,"href":"https:\/\/www.infoline.ci\/index.php?rest_route=%2Fwp%2Fv2%2Fcategories&post=5977"},{"taxonomy":"post_tag","embeddable":true,"href":"https:\/\/www.infoline.ci\/index.php?rest_route=%2Fwp%2Fv2%2Ftags&post=5977"}],"curies":[{"name":"wp","href":"https:\/\/api.w.org\/{rel}","templated":true}]}}