{"id":5945,"date":"2020-03-12T15:20:59","date_gmt":"2020-03-12T15:20:59","guid":{"rendered":"http:\/\/www.infoline.ci\/?p=5945"},"modified":"2020-03-12T15:21:05","modified_gmt":"2020-03-12T15:21:05","slug":"forum-national-du-consommateur-bientot-un-plan-revolutionnaire-de-la-gestion-des-associations-des-consommateurs","status":"publish","type":"post","link":"https:\/\/www.infoline.ci\/?p=5945","title":{"rendered":"FORUM NATIONAL DU CONSOMMATEUR : Bient\u00f4t un plan r\u00e9volutionnaire de la gestion des associations des consommateurs"},"content":{"rendered":"\n<p>Ce jeudi 12 mars 2020 Kouadio KOUAMENAN Marcel, pr\u00e9sident de\nla &nbsp;F\u00e9d\u00e9ration des Consommateurs Unis de\nC\u00f4te d\u2019Ivoire (FCU-CI) \u00e9tait face \u00e0 la presse nationale et internationale.<\/p>\n\n\n\n<p>&nbsp;A cette occasion au si\u00e8ge\nde la FCU-CI sise \u00e0 Cocody Angre, le premier responsable des consommateurs a\nproc\u00e9d\u00e9 au &nbsp;lancement officiel du projet,\nle Forum National du Consommateur<\/p>\n\n\n\n<p>Le pr\u00e9sident et par ailleurs &nbsp;\u00e9vang\u00e9liste &nbsp;bien connu dans le monde chr\u00e9tien et des\naffaires a fait valoir son volet social&nbsp;\nau cours de cette conf\u00e9rence de presse en pr\u00e9sence \u00e9galement d\u2019une\nvingtaine d\u2019associations et groupements \u00e0 vocation coop\u00e9rative invit\u00e9s pour la\ncirconstance.<\/p>\n\n\n\n<p>Apr\u00e8s avoir fait une pr\u00e9sentation succincte&nbsp; de la FCU-CI, il&nbsp; \u00e9tal\u00e9 son programme d\u2019actions qui tient\ncompte du bien-\u00eatre&nbsp; de&nbsp; ses administr\u00e9s que sont les structures\npr\u00e9cit\u00e9es et par ricochet les consommateurs.<\/p>\n\n\n\n<p>On peut citer entre autres, la politique de proximit\u00e9 \u00e0 mener\navec des repr\u00e9sentations de la FCU-CI dans toutes les communes pour mieux\nservir.<\/p>\n\n\n\n<p>&nbsp;Les membres des\nassociations et groupements \u00e0 vocation coop\u00e9rative affili\u00e9s&nbsp; auront une s\u00e9rie de formation pour mieux\nappliquer leurs droits et int\u00e9r\u00eats.<\/p>\n\n\n\n<p>Ils auront \u00e9galement un encadrement fiable dans la\nconstitution de leur projet. Les agriculteurs et les cultivateurs pourront\nb\u00e9n\u00e9ficier de l\u2019expertise \u00e9trang\u00e8re \u00e0 travers ses relations personnelles.<\/p>\n\n\n\n<p>Profitant de l\u2019occasion, Il a pris l\u2019engagement de soutenir\nles structures qui encadrent les enfants en difficult\u00e9 .Certaines dol\u00e9ances des\nresponsables de ces structures affili\u00e9es auront leur dol\u00e9ance \u00e9tudi\u00e9e en vue de\nles satisfaire.<\/p>\n\n\n\n<p>&nbsp;Des partenariats avec\nl\u2019ext\u00e9rieur seront tiss\u00e9s dans les prochains jours pour soutenir les\nassociations qui \u0153uvrent dans le monde agricole.<\/p>\n\n\n\n<p>Le grand d\u00e9ballage de ce plan d\u2019action r\u00e9volutionnaire pour\nle bonheur des consommateurs sera d\u00e9voil\u00e9 le 26 mars prochain \u00e0 la CAISTAB lors\nde la tenue de la premi\u00e8re \u00e9dition du Forum du Consommateur\u2019 avec pour th\u00e8me\ncentral&nbsp;: \u2018\u2019Le Consommateur, Aujourd\u2019hui. \u2018\u2019<\/p>\n\n\n\n<p>Koss To Koss<\/p>\n","protected":false},"excerpt":{"rendered":"<p>Ce jeudi 12 mars 2020 Kouadio KOUAMENAN Marcel, pr\u00e9sident de la &nbsp;F\u00e9d\u00e9ration des Consommateurs Unis de C\u00f4te d\u2019Ivoire (FCU-CI) \u00e9tait face \u00e0 la presse nationale et internationale. &nbsp;A cette occasion au si\u00e8ge de la FCU-CI sise \u00e0 Cocody Angre, le premier responsable des consommateurs a proc\u00e9d\u00e9 au &nbsp;lancement officiel du projet, le Forum National du [&hellip;]<\/p>\n","protected":false},"author":2,"featured_media":5946,"comment_status":"closed","ping_status":"closed","sticky":false,"template":"","format":"standard","meta":{"footnotes":""},"categories":[21],"tags":[],"class_list":["post-5945","post","type-post","status-publish","format-standard","has-post-thumbnail","hentry","category-economie"],"_links":{"self":[{"href":"https:\/\/www.infoline.ci\/index.php?rest_route=\/wp\/v2\/posts\/5945","targetHints":{"allow":["GET"]}}],"collection":[{"href":"https:\/\/www.infoline.ci\/index.php?rest_route=\/wp\/v2\/posts"}],"about":[{"href":"https:\/\/www.infoline.ci\/index.php?rest_route=\/wp\/v2\/types\/post"}],"author":[{"embeddable":true,"href":"https:\/\/www.infoline.ci\/index.php?rest_route=\/wp\/v2\/users\/2"}],"replies":[{"embeddable":true,"href":"https:\/\/www.infoline.ci\/index.php?rest_route=%2Fwp%2Fv2%2Fcomments&post=5945"}],"version-history":[{"count":1,"href":"https:\/\/www.infoline.ci\/index.php?rest_route=\/wp\/v2\/posts\/5945\/revisions"}],"predecessor-version":[{"id":5947,"href":"https:\/\/www.infoline.ci\/index.php?rest_route=\/wp\/v2\/posts\/5945\/revisions\/5947"}],"wp:featuredmedia":[{"embeddable":true,"href":"https:\/\/www.infoline.ci\/index.php?rest_route=\/wp\/v2\/media\/5946"}],"wp:attachment":[{"href":"https:\/\/www.infoline.ci\/index.php?rest_route=%2Fwp%2Fv2%2Fmedia&parent=5945"}],"wp:term":[{"taxonomy":"category","embeddable":true,"href":"https:\/\/www.infoline.ci\/index.php?rest_route=%2Fwp%2Fv2%2Fcategories&post=5945"},{"taxonomy":"post_tag","embeddable":true,"href":"https:\/\/www.infoline.ci\/index.php?rest_route=%2Fwp%2Fv2%2Ftags&post=5945"}],"curies":[{"name":"wp","href":"https:\/\/api.w.org\/{rel}","templated":true}]}}