{"id":5899,"date":"2020-03-06T10:08:01","date_gmt":"2020-03-06T10:08:01","guid":{"rendered":"http:\/\/www.infoline.ci\/?p=5899"},"modified":"2020-03-06T13:23:49","modified_gmt":"2020-03-06T13:23:49","slug":"religion-obseques-de-lapotre-yao-bio-hommage-religieux-le-23-mars-2020-au-palais-des-sports","status":"publish","type":"post","link":"https:\/\/www.infoline.ci\/?p=5899","title":{"rendered":"Religion\/Obs\u00e8ques de l\u2019Ap\u00f4tre Yao BIO : Hommage religieux le 13 mars 2020 au Palais des sports"},"content":{"rendered":"\n<p> D\u00e9c\u00e9d\u00e9 le  22 d\u00e9cembre 2019,les obs\u00e8ques de l\u2019 Ap\u00f4tre Yao BIO ,d\u00e9sormais Ex-Pr\u00e9sident Fondateur de l\u2019 Eglise de Pentec\u00f4te de C\u00f4te d\u2019 Ivoire, sont dans leurs phases d\u00e9cisives.  <\/p>\n\n\n\n<p>Pour permettre \u00e0 l\u2019opinion publique en g\u00e9n\u00e9ral et aux chr\u00e9tiens en particulier d\u2019 \u00eatre au parfum du programme des obs\u00e8ques, le clerg\u00e9 issu de sa famille chr\u00e9tienne a anim\u00e9 un point de presse au sein de son temple sis \u00e0 Cocody Riviera 3 jeudi 5 mars. <\/p>\n\n\n\n<p>A cet effet ,le conf\u00e9rencier Ap\u00f4tre Kobenan ANZOUA a pr\u00e9sent\u00e9 le programme officiel des obs\u00e8ques au c\u00f4t\u00e9 des Ap\u00f4tres Tanon AKOHI Paul,TCHIMBANDE Isra\u00e9l, et le R\u00e9v\u00e9rend DIAWARA .<\/p>\n\n\n\n<p> Outre la pr\u00e9sentation des condol\u00e9ances au domicile du d\u00e9funt \u00e0 Cocody Eden du 9 au 11 mars et la veill\u00e9e traditionnelle pr\u00e9vue ce vendredi 06 mars \u00e0 Treichville \u00e0 la place Ernesto DJEDJE, le Conf\u00e9rencier a mis un accent particulier sur l\u2019hommage \u00e0 lui rendre par sa communaut\u00e9.<\/p>\n\n\n\n<p> Selon lui, cet hommage spirituel sera \u00e0 la dimension de cet \u00e9lu \u00e9m\u00e9rite de Dieu qui aura marqu\u00e9 la vie \u00e9vang\u00e9lique ivoirienne dans les ann\u00e9es 80 en \u00e9tant le p\u00e8re des veill\u00e9es de pri\u00e8re avec son lot de miracles au milieu des malades.<\/p>\n\n\n\n<p> Le nombre d\u2019ali\u00e9n\u00e9s mentaux d\u00e9livr\u00e9s ne se comptait plus sans oublier  le nombre impressionnant de personnes d\u00e9livr\u00e9es de la sorcellerie .Son niveau de spiritualit\u00e9 aura donc atteint le summum d\u2019 ou\u2019 les diff\u00e9rentes distinctions parmi lesquelles celle octroy\u00e9e par la structure UBIFOC International le 27 D\u00e9cembre 2014 par l\u2019\u00e9l\u00e9vation au titre de Docteur honoris causa en divinit\u00e9.<\/p>\n\n\n\n<p> Mieux la majorit\u00e9 des Eglises \u00e9vang\u00e9liques se reconnaissent en lui de pr\u00e8s  ou\u2019 de loin comme le p\u00e8re spirituel \u00e0 travers sa mission divine \u00e0 lui confier. <\/p>\n\n\n\n<p>Au vu de tout ce qui pr\u00e9c\u00e8de, le conf\u00e9rencier \u00e0 lancer un appel \u00e0 sa communaut\u00e9 chr\u00e9tienne ainsi que  celles des autres confessions religieuses ,\u00e0 faire le d\u00e9placement au Palais des sports de Treichville le vendredi 13 mars prochain pour cet ultime hommage.<\/p>\n\n\n\n<p> Au menu donc  rien que la Pri\u00e8re \u00e0 travers l\u2019adoration, la louange avec des chantres de renom dont Nestor David, Victoire Kouassi, Amos et naturellement des t\u00e9moignages.  L\u2019on s\u2019attend \u00e9galement \u00e0 la visitation de Dieu aux fid\u00e8les avec des gr\u00e2ces particuli\u00e8res. <\/p>\n\n\n\n<p>Tous donc au Palais des sports de Treichville ce vendredi 13 mars 2020 pour rendre la gloire \u00e0 Dieu avec certainement la conversion  de nouvelles \u00e2mes.<\/p>\n\n\n\n<p> Notons que la lev\u00e9e du corps aura lieu le vendredi 20 mars et suivie du transfert du corps dans son village natal Amodi dans la Sous-Pr\u00e9fecture de Bondoukou. Et l\u2019inhumation est pr\u00e9vue &nbsp;samedi 21 mars dans ledit village<\/p>\n\n\n\n<p>Koss To Koss <\/p>\n","protected":false},"excerpt":{"rendered":"<p>D\u00e9c\u00e9d\u00e9 le 22 d\u00e9cembre 2019,les obs\u00e8ques de l\u2019 Ap\u00f4tre Yao BIO ,d\u00e9sormais Ex-Pr\u00e9sident Fondateur de l\u2019 Eglise de Pentec\u00f4te de C\u00f4te d\u2019 Ivoire, sont dans leurs phases d\u00e9cisives. Pour permettre \u00e0 l\u2019opinion publique en g\u00e9n\u00e9ral et aux chr\u00e9tiens en particulier d\u2019 \u00eatre au parfum du programme des obs\u00e8ques, le clerg\u00e9 issu de sa famille chr\u00e9tienne [&hellip;]<\/p>\n","protected":false},"author":2,"featured_media":5900,"comment_status":"closed","ping_status":"closed","sticky":false,"template":"","format":"standard","meta":{"footnotes":""},"categories":[33],"tags":[],"class_list":["post-5899","post","type-post","status-publish","format-standard","has-post-thumbnail","hentry","category-religion"],"_links":{"self":[{"href":"https:\/\/www.infoline.ci\/index.php?rest_route=\/wp\/v2\/posts\/5899","targetHints":{"allow":["GET"]}}],"collection":[{"href":"https:\/\/www.infoline.ci\/index.php?rest_route=\/wp\/v2\/posts"}],"about":[{"href":"https:\/\/www.infoline.ci\/index.php?rest_route=\/wp\/v2\/types\/post"}],"author":[{"embeddable":true,"href":"https:\/\/www.infoline.ci\/index.php?rest_route=\/wp\/v2\/users\/2"}],"replies":[{"embeddable":true,"href":"https:\/\/www.infoline.ci\/index.php?rest_route=%2Fwp%2Fv2%2Fcomments&post=5899"}],"version-history":[{"count":4,"href":"https:\/\/www.infoline.ci\/index.php?rest_route=\/wp\/v2\/posts\/5899\/revisions"}],"predecessor-version":[{"id":5905,"href":"https:\/\/www.infoline.ci\/index.php?rest_route=\/wp\/v2\/posts\/5899\/revisions\/5905"}],"wp:featuredmedia":[{"embeddable":true,"href":"https:\/\/www.infoline.ci\/index.php?rest_route=\/wp\/v2\/media\/5900"}],"wp:attachment":[{"href":"https:\/\/www.infoline.ci\/index.php?rest_route=%2Fwp%2Fv2%2Fmedia&parent=5899"}],"wp:term":[{"taxonomy":"category","embeddable":true,"href":"https:\/\/www.infoline.ci\/index.php?rest_route=%2Fwp%2Fv2%2Fcategories&post=5899"},{"taxonomy":"post_tag","embeddable":true,"href":"https:\/\/www.infoline.ci\/index.php?rest_route=%2Fwp%2Fv2%2Ftags&post=5899"}],"curies":[{"name":"wp","href":"https:\/\/api.w.org\/{rel}","templated":true}]}}