{"id":5658,"date":"2020-02-06T11:59:55","date_gmt":"2020-02-06T11:59:55","guid":{"rendered":"http:\/\/www.infoline.ci\/?p=5658"},"modified":"2020-02-06T11:59:55","modified_gmt":"2020-02-06T11:59:55","slug":"football-international-roger-assale-jai-fait-un-grand-pas","status":"publish","type":"post","link":"https:\/\/www.infoline.ci\/?p=5658","title":{"rendered":"Football \/ International : Roger Assal\u00e9 \u00a0\u00bb J&rsquo;ai fait un grand pas  \u00ab\u00a0"},"content":{"rendered":"<p>Transf\u00e9r\u00e9 aux ultimes instants du mercato hivernal \u00e0 Legan\u00e8s en pr\u00eat avec option d&rsquo;achat ,Roger Assal\u00e9 savoure sa joie d&rsquo;entamer cette nouvelle  aventure au c\u0153ur de la Liga avec Legan\u00e8s.<br \/>\nVisiblement heureux lors de sa pr\u00e9sentation ce lundi,l&rsquo;ancien buteur des Young Boys de Berne ( Suisse) a eu du mal \u00e0 cacher sa joie.\u00a0\u00bb J&rsquo;ai \u00e9t\u00e9 tr\u00e8s bien accueilli ici \u00e0 Legan\u00e8s par mes co\u00e9quipiers et tous les dirigeants.je pense que c&rsquo;est un tr\u00e8s beau club et mon int\u00e9gration  est tr\u00e8s facile d&rsquo;autant plus que mes co\u00e9quipiers essaient de me mettre dans les meilleures conditions pour mieux m&rsquo;exprimer. On pourra r\u00e9aliser de grandes choses \u00e9tant ici \u00a0\u00bb ,a indiqu\u00e9 d&rsquo;entr\u00e9e Roger Assal\u00e9 en conf\u00e9rence de presse.<br \/>\nAu clash avec la direction de son ancien club qui tentait de bloquer son d\u00e9part cet hiver ,l&rsquo;ex cannonier du S\u00e9w\u00e9 San Pedro se dit heureux de retrouver la Liga .\u00a0\u00bb Je sais que la Liga espagnole est l&rsquo;une des meilleures ligues au monde. Quitter la Suisse et venir en Espagne,c&rsquo;est un vraiment un grand pas . Tout est r\u00e9uni pour exprimer son football. Le foot ici, c\u2019est une passion ,c&rsquo;est une culture\u00a0\u00bb a t-il d\u00e9clar\u00e9 avant d&rsquo;\u00e9voquer son positionnement au sein du bastion offensif de sa nouvelle \u00e9curie.\u00a0\u00bb En attaque ,je pense que je n&rsquo;ai aucun probl\u00e8me pour m&rsquo;exprimer. Au Young Boys ,je jouais partout mais j&rsquo;essayais de me concentrer l\u00e0 o\u00f9 le coach sollicitais mes services. J\u2019essaie de respecter les consignes du coach m\u00eame si je me sens  \u00e0 l&rsquo;aise quand je joue \u00e0 droite.\u00a0\u00bb,a ajout\u00e9 l&rsquo;ancien corbeau.<br \/>\nAuteur de 7 buts et 4 passes d\u00e9cisives en 24 matches cette saison sous les couleurs des Young Boys ,Roger Assal\u00e9 tentera d&rsquo;aider Legan\u00e8s ( 18 points ) premier non rel\u00e9gable de la Liga \u00e0 se maintenir. L\u2019\u00e9l\u00e9phant a \u00e9t\u00e9 pr\u00e9sent\u00e9 avec Ibrahim Amadou ,le camerounais venu du FC S\u00e9ville.<br \/>\nMike K<\/p>\n","protected":false},"excerpt":{"rendered":"<p>Transf\u00e9r\u00e9 aux ultimes instants du mercato hivernal \u00e0 Legan\u00e8s en pr\u00eat avec option d&rsquo;achat ,Roger Assal\u00e9 savoure sa joie d&rsquo;entamer cette nouvelle aventure au c\u0153ur de la Liga avec Legan\u00e8s. Visiblement heureux lors de sa pr\u00e9sentation ce lundi,l&rsquo;ancien buteur des Young Boys de Berne ( Suisse) a eu du mal \u00e0 cacher sa joie.\u00a0\u00bb J&rsquo;ai [&hellip;]<\/p>\n","protected":false},"author":2,"featured_media":5659,"comment_status":"closed","ping_status":"closed","sticky":false,"template":"","format":"standard","meta":{"footnotes":""},"categories":[28],"tags":[],"class_list":["post-5658","post","type-post","status-publish","format-standard","has-post-thumbnail","hentry","category-football"],"_links":{"self":[{"href":"https:\/\/www.infoline.ci\/index.php?rest_route=\/wp\/v2\/posts\/5658","targetHints":{"allow":["GET"]}}],"collection":[{"href":"https:\/\/www.infoline.ci\/index.php?rest_route=\/wp\/v2\/posts"}],"about":[{"href":"https:\/\/www.infoline.ci\/index.php?rest_route=\/wp\/v2\/types\/post"}],"author":[{"embeddable":true,"href":"https:\/\/www.infoline.ci\/index.php?rest_route=\/wp\/v2\/users\/2"}],"replies":[{"embeddable":true,"href":"https:\/\/www.infoline.ci\/index.php?rest_route=%2Fwp%2Fv2%2Fcomments&post=5658"}],"version-history":[{"count":1,"href":"https:\/\/www.infoline.ci\/index.php?rest_route=\/wp\/v2\/posts\/5658\/revisions"}],"predecessor-version":[{"id":5660,"href":"https:\/\/www.infoline.ci\/index.php?rest_route=\/wp\/v2\/posts\/5658\/revisions\/5660"}],"wp:featuredmedia":[{"embeddable":true,"href":"https:\/\/www.infoline.ci\/index.php?rest_route=\/wp\/v2\/media\/5659"}],"wp:attachment":[{"href":"https:\/\/www.infoline.ci\/index.php?rest_route=%2Fwp%2Fv2%2Fmedia&parent=5658"}],"wp:term":[{"taxonomy":"category","embeddable":true,"href":"https:\/\/www.infoline.ci\/index.php?rest_route=%2Fwp%2Fv2%2Fcategories&post=5658"},{"taxonomy":"post_tag","embeddable":true,"href":"https:\/\/www.infoline.ci\/index.php?rest_route=%2Fwp%2Fv2%2Ftags&post=5658"}],"curies":[{"name":"wp","href":"https:\/\/api.w.org\/{rel}","templated":true}]}}