{"id":5614,"date":"2020-01-30T07:24:04","date_gmt":"2020-01-30T07:24:04","guid":{"rendered":"http:\/\/www.infoline.ci\/?p=5614"},"modified":"2020-01-30T07:24:04","modified_gmt":"2020-01-30T07:24:04","slug":"san-pedro-destruction-de-temple-le-maire-serait-il-un-apotre-du-diable","status":"publish","type":"post","link":"https:\/\/www.infoline.ci\/?p=5614","title":{"rendered":"San-Pedro (destruction de temple): le maire serait-il un ap\u00f4tre du diable?"},"content":{"rendered":"<p>Depuis le 14 janvier 2020\u00a0 l&rsquo;on assiste \u00e0 un acharnement diabolique du maire Anobl\u00e9 F\u00e9lix de la ville portuaire sur le Temple de la mission Mondial&#8211;Evangelico de San-Pedro.<\/p>\n<p>En effet, acquis depuis le 11 f\u00e9vrier 2011 un terrain d&rsquo;un demi-hectare par la dite \u00e9glise, c&rsquo;est en 2013 que les travaux pour la construction d&rsquo;un temple pour DIEU ont d\u00e9marr\u00e9.<\/p>\n<p>D\u00e9molir les anciennes construction sur le site , remblayer et\u00a0 aplanir\u00a0 le p\u00e9rim\u00e8tre pour une meilleure exploitation du terrain \u00e9tait la premi\u00e8re phase de la construction du b\u00e2timent d\u00e9di\u00e9 \u00e0 DIEU. Ces travaux ont co\u00fbt\u00e9 plus de 05 millions de nos francs \u00e0 la MISSION Mondial&#8211;Evangelico de San-pedro.<\/p>\n<p>Quant \u00e0 la phase de construction \u00e0 proprement- Dite ,\u00a0 elle s&rsquo;est achev\u00e9e en fin 2019. Pluisieurs millions r\u00e9unis pour y arriver.<\/p>\n<p>Ainsi , au moment o\u00f9 les responsables de l&rsquo;\u00e9glise et fid\u00e8les \u00e9taient heureux car d\u00e9sormais ,non seulement un temple \u00e9tait b\u00e2ti pour Dieu , mieux l&rsquo;on aura plus \u00e0 louer un lieu pour les cultes. Car l&rsquo;\u00e9glise louait un Cin\u00e9ma \u00e0 San-Pedro pour les pri\u00e8res. Malheureusement cette joie aura une\u00a0 courte dur\u00e9e.<\/p>\n<p>Car le mardi 14 janvier 2020 au environ de 07 h du matin le maire de la commune de San -pedro Anobl\u00e9 F\u00e9lix ,sans aucune raison de justice et m\u00eame sans avertir &lsquo;les locataires des lieux d\u00e9p\u00eache des machines pour d\u00e9molir le temple consacr\u00e9 \u00e0 DIEU .<\/p>\n<p>Le proph\u00e8te Arnaud z de la dite mission en d\u00e9placement \u00e0 Abidjan inform\u00e9 de ce sacril\u00e8ge commis par le maire se rend sur les lieux pour en savoir plus. Car pour lui cette d\u00e9cision du maire n&rsquo;est pas conforme \u00e0 la loi.<\/p>\n<p>Car l&rsquo;\u00e9glise poss\u00e8de tous les documents leur donnant autorisation d&rsquo;exploiter le terrain qui est d\u00e9sormais leur propri\u00e9t\u00e9.<\/p>\n<p>Malgr\u00e9 les documents dont poss\u00e8de l&rsquo;\u00e9glise , la faisant propri\u00e9taire du terrain ,le maire anim\u00e9 par un esprit mal saint revient le vendredi 24 janvier 2020 pour un double sacril\u00e8ge cette fois ci \u00e0 04h du matin\u00a0 avec des hommes en armes chose qui est loin d&rsquo;\u00eatre conforme aux principes de la loi.<\/p>\n<p>C&rsquo;est un peuple de Dieu en pleurs et inconsolable que l&rsquo;on retrouve sur le site. Oui l\u2019on n\u2019arrive toujours pas \u00e0 comprendre les motivations de Anobl\u00e9 F\u00e9lix.<\/p>\n<p>Pour qu&rsquo;elle raison doit-on d\u00e9molir un temple qui remplit toutes les conditions demand\u00e9es par le\u00a0 minist\u00e8re de la construction ( ACD, titre foncier , extrait topo, la lettre d&rsquo;attribution le permis de construire ) et bien d&rsquo;autres documents attestant la l\u00e9gitimit\u00e9 de l&rsquo;\u00e9glise sur le site.<\/p>\n<p>Et m\u00eame si les choses devraient se faire comme le maire le pr\u00e9tend, pourquoi ne pas tenir inform\u00e9 les concern\u00e9s?Pourquoi le choix de 4h pour venir d\u00e9molir un temple.<\/p>\n<p>Pour certains fid\u00e8les de la mission Mondial&#8211;Evangelico qui compte aujourd&rsquo;hui plus 300 \u00e9glises sur tout le territoire ivoirien pensent que Anobl\u00e9 F\u00e9lix peut avoir la justice des hommes, mais la vraie juste \u00e9mane de Dieu. Or c&rsquo;est \u00e0 Dieu que ce temple \u00e9tait D\u00e9di\u00e9.<\/p>\n<p>Seul DIEU a le dernier mot!.<\/p>\n<p>Tse Parfait<\/p>\n<p>&nbsp;<\/p>\n","protected":false},"excerpt":{"rendered":"<p>Depuis le 14 janvier 2020\u00a0 l&rsquo;on assiste \u00e0 un acharnement diabolique du maire Anobl\u00e9 F\u00e9lix de la ville portuaire sur le Temple de la mission Mondial&#8211;Evangelico de San-Pedro. En effet, acquis depuis le 11 f\u00e9vrier 2011 un terrain d&rsquo;un demi-hectare par la dite \u00e9glise, c&rsquo;est en 2013 que les travaux pour la construction d&rsquo;un temple [&hellip;]<\/p>\n","protected":false},"author":2,"featured_media":5616,"comment_status":"closed","ping_status":"closed","sticky":false,"template":"","format":"standard","meta":{"footnotes":""},"categories":[24],"tags":[],"class_list":["post-5614","post","type-post","status-publish","format-standard","has-post-thumbnail","hentry","category-societe"],"_links":{"self":[{"href":"https:\/\/www.infoline.ci\/index.php?rest_route=\/wp\/v2\/posts\/5614","targetHints":{"allow":["GET"]}}],"collection":[{"href":"https:\/\/www.infoline.ci\/index.php?rest_route=\/wp\/v2\/posts"}],"about":[{"href":"https:\/\/www.infoline.ci\/index.php?rest_route=\/wp\/v2\/types\/post"}],"author":[{"embeddable":true,"href":"https:\/\/www.infoline.ci\/index.php?rest_route=\/wp\/v2\/users\/2"}],"replies":[{"embeddable":true,"href":"https:\/\/www.infoline.ci\/index.php?rest_route=%2Fwp%2Fv2%2Fcomments&post=5614"}],"version-history":[{"count":1,"href":"https:\/\/www.infoline.ci\/index.php?rest_route=\/wp\/v2\/posts\/5614\/revisions"}],"predecessor-version":[{"id":5617,"href":"https:\/\/www.infoline.ci\/index.php?rest_route=\/wp\/v2\/posts\/5614\/revisions\/5617"}],"wp:featuredmedia":[{"embeddable":true,"href":"https:\/\/www.infoline.ci\/index.php?rest_route=\/wp\/v2\/media\/5616"}],"wp:attachment":[{"href":"https:\/\/www.infoline.ci\/index.php?rest_route=%2Fwp%2Fv2%2Fmedia&parent=5614"}],"wp:term":[{"taxonomy":"category","embeddable":true,"href":"https:\/\/www.infoline.ci\/index.php?rest_route=%2Fwp%2Fv2%2Fcategories&post=5614"},{"taxonomy":"post_tag","embeddable":true,"href":"https:\/\/www.infoline.ci\/index.php?rest_route=%2Fwp%2Fv2%2Ftags&post=5614"}],"curies":[{"name":"wp","href":"https:\/\/api.w.org\/{rel}","templated":true}]}}