{"id":5543,"date":"2020-01-20T14:02:44","date_gmt":"2020-01-20T14:02:44","guid":{"rendered":"http:\/\/www.infoline.ci\/?p=5543"},"modified":"2020-01-20T17:51:12","modified_gmt":"2020-01-20T17:51:12","slug":"economie-fcu-ci-kouamenan-marcel-voit-grand-en-2020-pour-son-premier-rendez-vous-de-lannee-2020-la-fcu-ci-federation-des-consommateurs-unis-de-cote-d-ivoire-a-battu-le-rappel","status":"publish","type":"post","link":"https:\/\/www.infoline.ci\/?p=5543","title":{"rendered":"Economie\/ FCU-CI : KOUAMENAN Marcel voit grand en 2020"},"content":{"rendered":"<p>Pour son premier rendez-vous de l\u2019ann\u00e9e 2020, la FCU-CI (F\u00e9d\u00e9ration des Consommateurs Unis de C\u00f4te d\u2019 Ivoire), a battu le rappel de ses troupes le jeudi 16 janvier 2020 \u00e0 Cocody. De grandes choses se pr\u00e9parent surement pour les acqu\u00e9reurs. Le comit\u00e9 ex\u00e9cutif de la faiti\u00e8re des associations de consommateurs de C\u00f4te d\u2019Ivoire\u00a0 s\u2019est donc retrouv\u00e9 au grand complet sous la direction de son premier responsable Monsieur Kouadio KOUAMENAN Marcel. Apr\u00e8s la traditionnelle pr\u00e9sentation des v\u0153ux de nouvel an, lui et son \u00e9quipe ont eu une s\u00e9ance de travail de plus de quatre heures \u00e0 huis-clos. Il s\u2019agit de mettre en place les m\u00e9canismes pour r\u00e9ussir les activit\u00e9s \u00e0 mener au nom des consommateurs tout au long de cette ann\u00e9e 2020 .A la fin de la r\u00e9union, personne n\u2019a voulu divulguer le secret de ce conclave dans l\u2019attente de\u00a0 sa mise \u00e0 ex\u00e9cution. Mais selon des discr\u00e9tions, les responsables de la dite f\u00e9d\u00e9ration voudraient bien surprendre les consommateurs de tout bord par des innovations de taille. Plusieurs\u00a0 grandes activit\u00e9s de proximit\u00e9 verront bient\u00f4t le jour. Nul doute que dans les semaines \u00e0 venir, l\u2019on en saura plus sur ces projets de r\u00eave pour le bonheur de tous ceux qui ach\u00e8tent pour son usage des produits quelconques. Avec ce qui se trame donc \u00e0 l\u2019horizon du c\u00f4t\u00e9 de la F\u00e9d\u00e9ration des Consommateurs Unis de C\u00f4te d\u2019 Ivoire, l\u2019on est \u00e0 mesurer de croire qu\u2019un nouveau jour va se lever pour l\u2019ensemble des acheteurs.<\/p>\n<p>Koss To Koss<\/p>\n","protected":false},"excerpt":{"rendered":"<p>Pour son premier rendez-vous de l\u2019ann\u00e9e 2020, la FCU-CI (F\u00e9d\u00e9ration des Consommateurs Unis de C\u00f4te d\u2019 Ivoire), a battu le rappel de ses troupes le jeudi 16 janvier 2020 \u00e0 Cocody. De grandes choses se pr\u00e9parent surement pour les acqu\u00e9reurs. Le comit\u00e9 ex\u00e9cutif de la faiti\u00e8re des associations de consommateurs de C\u00f4te d\u2019Ivoire\u00a0 s\u2019est donc [&hellip;]<\/p>\n","protected":false},"author":2,"featured_media":5544,"comment_status":"closed","ping_status":"closed","sticky":false,"template":"","format":"standard","meta":{"footnotes":""},"categories":[21],"tags":[],"class_list":["post-5543","post","type-post","status-publish","format-standard","has-post-thumbnail","hentry","category-economie"],"_links":{"self":[{"href":"https:\/\/www.infoline.ci\/index.php?rest_route=\/wp\/v2\/posts\/5543","targetHints":{"allow":["GET"]}}],"collection":[{"href":"https:\/\/www.infoline.ci\/index.php?rest_route=\/wp\/v2\/posts"}],"about":[{"href":"https:\/\/www.infoline.ci\/index.php?rest_route=\/wp\/v2\/types\/post"}],"author":[{"embeddable":true,"href":"https:\/\/www.infoline.ci\/index.php?rest_route=\/wp\/v2\/users\/2"}],"replies":[{"embeddable":true,"href":"https:\/\/www.infoline.ci\/index.php?rest_route=%2Fwp%2Fv2%2Fcomments&post=5543"}],"version-history":[{"count":4,"href":"https:\/\/www.infoline.ci\/index.php?rest_route=\/wp\/v2\/posts\/5543\/revisions"}],"predecessor-version":[{"id":5548,"href":"https:\/\/www.infoline.ci\/index.php?rest_route=\/wp\/v2\/posts\/5543\/revisions\/5548"}],"wp:featuredmedia":[{"embeddable":true,"href":"https:\/\/www.infoline.ci\/index.php?rest_route=\/wp\/v2\/media\/5544"}],"wp:attachment":[{"href":"https:\/\/www.infoline.ci\/index.php?rest_route=%2Fwp%2Fv2%2Fmedia&parent=5543"}],"wp:term":[{"taxonomy":"category","embeddable":true,"href":"https:\/\/www.infoline.ci\/index.php?rest_route=%2Fwp%2Fv2%2Fcategories&post=5543"},{"taxonomy":"post_tag","embeddable":true,"href":"https:\/\/www.infoline.ci\/index.php?rest_route=%2Fwp%2Fv2%2Ftags&post=5543"}],"curies":[{"name":"wp","href":"https:\/\/api.w.org\/{rel}","templated":true}]}}