{"id":5440,"date":"2020-01-07T10:44:02","date_gmt":"2020-01-07T10:44:02","guid":{"rendered":"http:\/\/www.infoline.ci\/?p=5440"},"modified":"2020-01-07T10:44:02","modified_gmt":"2020-01-07T10:44:02","slug":"armee-le-chef-de-letat-exprime-sa-tristesse-suite-au-deces-de-son-jeune-frere-wattao","status":"publish","type":"post","link":"https:\/\/www.infoline.ci\/?p=5440","title":{"rendered":"Arm\u00e9e: Le Chef de l\u2019Etat exprime \u00absa tristesse\u00bb suite au d\u00e9c\u00e8s de \u00abson jeune fr\u00e8re Wattao\u00bb"},"content":{"rendered":"<p>A l\u2019occasion de la pr\u00e9sentation des v\u0153ux qu\u2019il recevait des diff\u00e9rents corps de la Nation ce lundi 6 janvier 2020, au Palais pr\u00e9sidentiel \u00e0 Abidjan-Plateau, le Chef de l\u2019Etat, Alassane Ouattara, a r\u00e9agi suite au d\u00e9c\u00e8s du colonel-major Issiaka Ouattara dit Wattao, ce lundi aux Etats-Unis.<br \/>\nLe Pr\u00e9sident de la R\u00e9publique a dit toute \u00ab la tristesse \u00bb qui l\u2019anime en raison de la disparition de celui qu\u2019il consid\u00e9rait \u00ab v\u00e9ritablement \u00bb comme \u00ab son jeune fr\u00e8re \u00bb.<br \/>\nCi-dessous la d\u00e9claration du Pr\u00e9sident de la R\u00e9publique<br \/>\n\u00ab Toutes les dispositions prises par des m\u00e9decins de haute qualit\u00e9 aux Etats-Unis n\u2019ont pas aid\u00e9 \u00e0 le pr\u00e9server. Et donc vous pouvez imaginer ma tristesse. Car Wattao \u00e9tait v\u00e9ritablement un jeune fr\u00e8re. Je viens de parler tout \u00e0 l\u2019heure \u00e0 son p\u00e8re \u00e0 Doropo et j\u2019ai \u00e9galement demand\u00e9 \u00e0 mon jeune fr\u00e8re Ibrahim Ouattara d\u2019appeler le roi de Bouna pour lui dire toutes nos condol\u00e9ances. Je pourrai appeler le roi Neguegbiliman dans l\u2019apr\u00e8s-midi.<br \/>\nJe voudrais donc dire \u00e0 toutes nos forces arm\u00e9es, notamment tous ceux qui ont \u00e9t\u00e9 avec lui durant ces nombreuses ann\u00e9es qu\u2019ils perdent un fr\u00e8re d\u2019armes mais au-del\u00e0 un fr\u00e8re.<br \/>\nQuand Wattao est all\u00e9 au Maroc pour sa formation \u00e0 l\u2019Ecole sup\u00e9rieure de guerre, il a fait un excellent travail. M\u00eame avec sa Majest\u00e9, le Roi Mohamed VI, nous en avions parl\u00e9 et avec le g\u00e9n\u00e9ral chef d\u2019Etat-major des Forces royales, des progr\u00e8s importants, l\u2019aptitude et sa soif d\u2019apprendre. Et il avait bien appris. C\u2019est tout cela qui justifiait sa promotion au grade de colonel-major.<br \/>\nJ\u2019ai donn\u00e9 des instructions au ministre de la D\u00e9fense pour que toutes les dispositions soient prises afin que l\u2019arm\u00e9e et nous-m\u00eames, nous puissions lui rendre hommage pour le travail accompli \u00bb.<br \/>\nSource : fratmat.info<\/p>\n","protected":false},"excerpt":{"rendered":"<p>A l\u2019occasion de la pr\u00e9sentation des v\u0153ux qu\u2019il recevait des diff\u00e9rents corps de la Nation ce lundi 6 janvier 2020, au Palais pr\u00e9sidentiel \u00e0 Abidjan-Plateau, le Chef de l\u2019Etat, Alassane Ouattara, a r\u00e9agi suite au d\u00e9c\u00e8s du colonel-major Issiaka Ouattara dit Wattao, ce lundi aux Etats-Unis. Le Pr\u00e9sident de la R\u00e9publique a dit toute \u00ab [&hellip;]<\/p>\n","protected":false},"author":2,"featured_media":5441,"comment_status":"closed","ping_status":"closed","sticky":false,"template":"","format":"standard","meta":{"footnotes":""},"categories":[2,23],"tags":[],"class_list":["post-5440","post","type-post","status-publish","format-standard","has-post-thumbnail","hentry","category-nos-une","category-politique"],"_links":{"self":[{"href":"https:\/\/www.infoline.ci\/index.php?rest_route=\/wp\/v2\/posts\/5440","targetHints":{"allow":["GET"]}}],"collection":[{"href":"https:\/\/www.infoline.ci\/index.php?rest_route=\/wp\/v2\/posts"}],"about":[{"href":"https:\/\/www.infoline.ci\/index.php?rest_route=\/wp\/v2\/types\/post"}],"author":[{"embeddable":true,"href":"https:\/\/www.infoline.ci\/index.php?rest_route=\/wp\/v2\/users\/2"}],"replies":[{"embeddable":true,"href":"https:\/\/www.infoline.ci\/index.php?rest_route=%2Fwp%2Fv2%2Fcomments&post=5440"}],"version-history":[{"count":1,"href":"https:\/\/www.infoline.ci\/index.php?rest_route=\/wp\/v2\/posts\/5440\/revisions"}],"predecessor-version":[{"id":5442,"href":"https:\/\/www.infoline.ci\/index.php?rest_route=\/wp\/v2\/posts\/5440\/revisions\/5442"}],"wp:featuredmedia":[{"embeddable":true,"href":"https:\/\/www.infoline.ci\/index.php?rest_route=\/wp\/v2\/media\/5441"}],"wp:attachment":[{"href":"https:\/\/www.infoline.ci\/index.php?rest_route=%2Fwp%2Fv2%2Fmedia&parent=5440"}],"wp:term":[{"taxonomy":"category","embeddable":true,"href":"https:\/\/www.infoline.ci\/index.php?rest_route=%2Fwp%2Fv2%2Fcategories&post=5440"},{"taxonomy":"post_tag","embeddable":true,"href":"https:\/\/www.infoline.ci\/index.php?rest_route=%2Fwp%2Fv2%2Ftags&post=5440"}],"curies":[{"name":"wp","href":"https:\/\/api.w.org\/{rel}","templated":true}]}}