{"id":5358,"date":"2019-12-20T00:29:57","date_gmt":"2019-12-20T00:29:57","guid":{"rendered":"http:\/\/www.infoline.ci\/?p=5358"},"modified":"2019-12-20T00:29:57","modified_gmt":"2019-12-20T00:29:57","slug":"racisme-yaya-a-peur-pour-ses-enfants","status":"publish","type":"post","link":"https:\/\/www.infoline.ci\/?p=5358","title":{"rendered":"Racisme : Yaya a peur pour ses enfants"},"content":{"rendered":"<p>Tr\u00e8s remont\u00e9 contre le racisme, Yaya Tour\u00e9 ne manque aucune occasion pour se dresser contre. Cette fois, c&rsquo;est l&rsquo;avenir de ses enfants, d\u00e9sireux de faire comme leur g\u00e9niteur qui l&rsquo;inqui\u00e8te.<br \/>\nR\u00e9el contre -poids des merveilleuses sensations  procur\u00e9es et valeurs v\u00e9hicul\u00e9es par le football, le racisme n&rsquo;en finit plus avec ses nombreux d\u00e9sagr\u00e9ments. Heureusement face \u00e0 lui, les stars  de cette discipline ne cessent de se dresser. Et Yaya Tour\u00e9 plus v\u00e9h\u00e9ment que jamais  en fait partie.<br \/>\nApr\u00e8s s&rsquo;\u00eatre insurg\u00e9 contre plusieurs pratiques racistes en Europe et contre le laxisme de la FIFA, l&rsquo;ex-capitaine des El\u00e9phants de C\u00f4te d&rsquo;Ivoire  r\u00e9v\u00e8le son hantise quant \u00e0 l&rsquo;avenir de ses enfants. \u00ab Je suis parfois \u00e9mu \u00e0 ce sujet parce que le racisme est quelque chose qui me fait mal tout le temps \u00bb, a d\u00e9clar\u00e9 Tour\u00e9 sur Omnisport  \u00e0 la faveur de la Coupe du monde des clubs  qui se dispute \u00e0 Doha au Qatar. Puis de poursuivre en r\u00e9v\u00e9lant son h\u00e9sitation de voir ses enfants embrasser une carri\u00e8re de footballeur.  \u00ab Parce que mes enfants veulent jouer au football et veulent \u00eatre footballeurs, et je leur dis : Regarde, tu ne peux pas faire \u00e7a \u00ab\u00a0, a- t-il ajout\u00e9  avant de conclure. \u00ab Parfois, je dois l\u2019accepter, parce que je leur refuse de jouer au football pourquoi ? \u00c0 cause de ce genre de chose \u00bb, mart\u00e8le-t-il.<br \/>\nL&rsquo;ancien milieu de terrain du FC Barcelone et de Manchester s&rsquo;est dit \u00e9galement pr\u00eat \u00e0 travailler avec la FIFA et l&rsquo;UEFA en vue de chasser  d\u00e9finitivement le racisme du football.<br \/>\nMike KOFFI<\/p>\n","protected":false},"excerpt":{"rendered":"<p>Tr\u00e8s remont\u00e9 contre le racisme, Yaya Tour\u00e9 ne manque aucune occasion pour se dresser contre. Cette fois, c&rsquo;est l&rsquo;avenir de ses enfants, d\u00e9sireux de faire comme leur g\u00e9niteur qui l&rsquo;inqui\u00e8te. R\u00e9el contre -poids des merveilleuses sensations procur\u00e9es et valeurs v\u00e9hicul\u00e9es par le football, le racisme n&rsquo;en finit plus avec ses nombreux d\u00e9sagr\u00e9ments. Heureusement face \u00e0 [&hellip;]<\/p>\n","protected":false},"author":2,"featured_media":5359,"comment_status":"closed","ping_status":"closed","sticky":false,"template":"","format":"standard","meta":{"footnotes":""},"categories":[28],"tags":[],"class_list":["post-5358","post","type-post","status-publish","format-standard","has-post-thumbnail","hentry","category-football"],"_links":{"self":[{"href":"https:\/\/www.infoline.ci\/index.php?rest_route=\/wp\/v2\/posts\/5358","targetHints":{"allow":["GET"]}}],"collection":[{"href":"https:\/\/www.infoline.ci\/index.php?rest_route=\/wp\/v2\/posts"}],"about":[{"href":"https:\/\/www.infoline.ci\/index.php?rest_route=\/wp\/v2\/types\/post"}],"author":[{"embeddable":true,"href":"https:\/\/www.infoline.ci\/index.php?rest_route=\/wp\/v2\/users\/2"}],"replies":[{"embeddable":true,"href":"https:\/\/www.infoline.ci\/index.php?rest_route=%2Fwp%2Fv2%2Fcomments&post=5358"}],"version-history":[{"count":1,"href":"https:\/\/www.infoline.ci\/index.php?rest_route=\/wp\/v2\/posts\/5358\/revisions"}],"predecessor-version":[{"id":5360,"href":"https:\/\/www.infoline.ci\/index.php?rest_route=\/wp\/v2\/posts\/5358\/revisions\/5360"}],"wp:featuredmedia":[{"embeddable":true,"href":"https:\/\/www.infoline.ci\/index.php?rest_route=\/wp\/v2\/media\/5359"}],"wp:attachment":[{"href":"https:\/\/www.infoline.ci\/index.php?rest_route=%2Fwp%2Fv2%2Fmedia&parent=5358"}],"wp:term":[{"taxonomy":"category","embeddable":true,"href":"https:\/\/www.infoline.ci\/index.php?rest_route=%2Fwp%2Fv2%2Fcategories&post=5358"},{"taxonomy":"post_tag","embeddable":true,"href":"https:\/\/www.infoline.ci\/index.php?rest_route=%2Fwp%2Fv2%2Ftags&post=5358"}],"curies":[{"name":"wp","href":"https:\/\/api.w.org\/{rel}","templated":true}]}}