{"id":5117,"date":"2019-11-10T22:46:07","date_gmt":"2019-11-10T22:46:07","guid":{"rendered":"http:\/\/www.infoline.ci\/?p=5117"},"modified":"2019-11-11T20:18:40","modified_gmt":"2019-11-11T20:18:40","slug":"crise-au-rhdp-a-grand-bassam-est-ce-la-dechirure-du-rhdp-a-grand-bassam","status":"publish","type":"post","link":"https:\/\/www.infoline.ci\/?p=5117","title":{"rendered":"RHDP Grand-Bassam : C&rsquo;EST LE DECHIREMENT !!!"},"content":{"rendered":"<p>Le samedi 09 novembre 2019, \u00e0 la salle polyvalente du carrefour jeunesse de Grand Bassam, en pr\u00e9sence des autorit\u00e9s locales notamment Amidou sanogo et Camara Mamadouba (Kamso) respectivement 2e et 4e\u00a0 adjoint au maire de la ville, des Chefs traditionnels, des leaders religieux , une forte d\u00e9l\u00e9gation de femmes et de jeunes que le collectif des militants du Rhdp pour l&rsquo;Union ,la coh\u00e9sion et la paix \u00e0 Grand Bassam<br \/>\nS&rsquo;est investi \u00e0 expliquer aux militants RHDP et surtout aux nouveaux majeurs l&rsquo;importance d&rsquo;avoir sa pi\u00e8ce d&rsquo;identit\u00e9 et surtout la non acceptation du d\u00e9l\u00e9gu\u00e9 d\u00e9partemental Rhdp docteur Aka ECHUI D\u00e9sir\u00e9. Parlant au nom de toutes les structures regroup\u00e9es en RHDP, Bakayoko Oumar conseill\u00e9 municipal de grand Bassam. Rassure toute la population pr\u00e9sente de leur implication pour la victoire du Rhdp en 2020. Pour lui il faudra de vrais commandos, qui sont d\u00e9j\u00e0 impr\u00e9gn\u00e9s des r\u00e9alit\u00e9s du terrain.[Il faut \u00e9viter de faire le mauvais choix. Il ach\u00e8ve son allocution sur cette note. &lt;&lt; Nous refusons le nouveau d\u00e9l\u00e9gu\u00e9 &gt;&gt; Car pour lui, le Rhdp \u00e0 Grand Bassam doit \u00eatre g\u00e9r\u00e9 par des personnes qui connaissent et de fa\u00e7on r\u00e9ciproque sont connus par les militants RHDP. Camara Mamadou 04e adjoint au maire s&rsquo;est toute suite orient\u00e9e vers une pancarte dans la foule pour en faire la Maxime de son allocution. Sur cette pancarte on pouvait voir clairement le sentiment qui a inspir\u00e9 cette mobilisation.&lt;&lt; NON A ECHUI AKA&gt;&gt;,&lt;&gt; &lt;&gt;. En effet, pour lui il faut ind\u00e9niablement prendre des personnes qui sont connues par des militants pour \u00e9viter \u00e0 nouveau de faire de nouvelles pr\u00e9sentations. Choses qui pourrait nuire la victoire du Rhdp \u00e0 Bassam. Pour finir Camara Mamadouba rassure la population pour son soutien au Rhdp. Vous pouvez compter sur moi! Vous pouvez compter sur mon dynamisme! Vous pouvez compter sur mon argent! Et j&rsquo;arrive pour int\u00e9grer le Rhdp. Il ressort de cette mobilisation qu\u2019\u00e0 Grand Bassam le d\u00e9l\u00e9gu\u00e9 d\u00e9partemental est Sanogo Amidou, qui d&rsquo;ailleurs pr\u00e9sentera son bureau dans les jours avenir. Quant \u00e0 l&rsquo;\u00e9tablissement des cartes Sanogo Amidou informe les uns et les autres d&rsquo;aller au si\u00e8ge du Rhdp pour \u00e9tablir leur pi\u00e8ce pour la victoire du Rhdp en 2020. Est-ce la d\u00e9chirure du Rhdp \u00e0 Grand Bassam? Attendons de voir Les prochaines heures seront tr\u00e8s cruciales dans le choix du d\u00e9l\u00e9gu\u00e9 d\u00e9partemental Rhdp Grand Bassam.<br \/>\nTs\u00e9 Parfait.<br \/>\n<img loading=\"lazy\" decoding=\"async\" class=\"alignnone size-full wp-image-5119\" src=\"http:\/\/www.infoline.ci\/wp-content\/uploads\/2019\/11\/WIN-ADO.jpg\" alt=\"\" width=\"2560\" height=\"1920\" srcset=\"https:\/\/www.infoline.ci\/wp-content\/uploads\/2019\/11\/WIN-ADO.jpg 2560w, https:\/\/www.infoline.ci\/wp-content\/uploads\/2019\/11\/WIN-ADO-300x225.jpg 300w, https:\/\/www.infoline.ci\/wp-content\/uploads\/2019\/11\/WIN-ADO-768x576.jpg 768w, https:\/\/www.infoline.ci\/wp-content\/uploads\/2019\/11\/WIN-ADO-1024x768.jpg 1024w, https:\/\/www.infoline.ci\/wp-content\/uploads\/2019\/11\/WIN-ADO-80x60.jpg 80w, https:\/\/www.infoline.ci\/wp-content\/uploads\/2019\/11\/WIN-ADO-265x198.jpg 265w, https:\/\/www.infoline.ci\/wp-content\/uploads\/2019\/11\/WIN-ADO-696x522.jpg 696w, https:\/\/www.infoline.ci\/wp-content\/uploads\/2019\/11\/WIN-ADO-1068x801.jpg 1068w, https:\/\/www.infoline.ci\/wp-content\/uploads\/2019\/11\/WIN-ADO-560x420.jpg 560w\" sizes=\"auto, (max-width: 2560px) 100vw, 2560px\" \/><\/p>\n","protected":false},"excerpt":{"rendered":"<p>Le samedi 09 novembre 2019, \u00e0 la salle polyvalente du carrefour jeunesse de Grand Bassam, en pr\u00e9sence des autorit\u00e9s locales notamment Amidou sanogo et Camara Mamadouba (Kamso) respectivement 2e et 4e\u00a0 adjoint au maire de la ville, des Chefs traditionnels, des leaders religieux , une forte d\u00e9l\u00e9gation de femmes et de jeunes que le collectif [&hellip;]<\/p>\n","protected":false},"author":2,"featured_media":5118,"comment_status":"closed","ping_status":"closed","sticky":false,"template":"","format":"standard","meta":{"footnotes":""},"categories":[23],"tags":[],"class_list":["post-5117","post","type-post","status-publish","format-standard","has-post-thumbnail","hentry","category-politique"],"_links":{"self":[{"href":"https:\/\/www.infoline.ci\/index.php?rest_route=\/wp\/v2\/posts\/5117","targetHints":{"allow":["GET"]}}],"collection":[{"href":"https:\/\/www.infoline.ci\/index.php?rest_route=\/wp\/v2\/posts"}],"about":[{"href":"https:\/\/www.infoline.ci\/index.php?rest_route=\/wp\/v2\/types\/post"}],"author":[{"embeddable":true,"href":"https:\/\/www.infoline.ci\/index.php?rest_route=\/wp\/v2\/users\/2"}],"replies":[{"embeddable":true,"href":"https:\/\/www.infoline.ci\/index.php?rest_route=%2Fwp%2Fv2%2Fcomments&post=5117"}],"version-history":[{"count":3,"href":"https:\/\/www.infoline.ci\/index.php?rest_route=\/wp\/v2\/posts\/5117\/revisions"}],"predecessor-version":[{"id":5123,"href":"https:\/\/www.infoline.ci\/index.php?rest_route=\/wp\/v2\/posts\/5117\/revisions\/5123"}],"wp:featuredmedia":[{"embeddable":true,"href":"https:\/\/www.infoline.ci\/index.php?rest_route=\/wp\/v2\/media\/5118"}],"wp:attachment":[{"href":"https:\/\/www.infoline.ci\/index.php?rest_route=%2Fwp%2Fv2%2Fmedia&parent=5117"}],"wp:term":[{"taxonomy":"category","embeddable":true,"href":"https:\/\/www.infoline.ci\/index.php?rest_route=%2Fwp%2Fv2%2Fcategories&post=5117"},{"taxonomy":"post_tag","embeddable":true,"href":"https:\/\/www.infoline.ci\/index.php?rest_route=%2Fwp%2Fv2%2Ftags&post=5117"}],"curies":[{"name":"wp","href":"https:\/\/api.w.org\/{rel}","templated":true}]}}