{"id":5031,"date":"2019-10-23T09:41:47","date_gmt":"2019-10-23T09:41:47","guid":{"rendered":"http:\/\/www.infoline.ci\/?p=5031"},"modified":"2019-10-23T09:41:47","modified_gmt":"2019-10-23T09:41:47","slug":"krav-maga-interview-fofana-alassane-president-le-krav-maga-a-besoin-de-ses-fils-et-filles-pour-prendre-son-envol","status":"publish","type":"post","link":"https:\/\/www.infoline.ci\/?p=5031","title":{"rendered":"Krav Maga Interview Fofana Alassane (Pr\u00e9sident):\u00a0\u00bb Le krav Maga a besoin de ses fils et filles pour prendre son envol\u00a0\u00bb"},"content":{"rendered":"<p>Grand passionn\u00e9 de krav Maga , Alassane Fofana le pr\u00e9sident de la f\u00e9d\u00e9ration ivoirienne de Krav Maga pr\u00e9sente cette discipline nouvelle et sa jeune f\u00e9d\u00e9ration .Le patron de cette discipline isra\u00e9lienne qui n&rsquo;est pas un art martial mais un appoint aux autres en fait la gen\u00e8se en revenant sur le chemin parcouru depuis l&rsquo;av\u00e8nement de la f\u00e9d\u00e9ration en novembre 2016.Le directeur de l&rsquo;IKMF en C\u00f4te d&rsquo;Ivoire appelle surtout les pratiquants du krav Maga \u00e0 s&rsquo;unir pour d\u00e9velopper leur passion commune. Interview !<br \/>\nPouvez-vous nous faire l&rsquo;historique du Krav Maga ?<br \/>\nLe Krav Maga est un terme h\u00e9breu qui signifie combat ( krav) rapproch\u00e9 ( Maga).Cette discipline est d&rsquo;origine isra\u00e9lienne quand bien m\u00eame le fondateur IMi Lichenfeld est hongrois. Il a servi dans l&rsquo;arm\u00e9e isra\u00e9lienne car il \u00e9tait expert en technique de combat (de rue et rapproch\u00e9, au sol etc.).il s&rsquo;est exil\u00e9 en Isra\u00ebl o\u00f9 il posa les jalons du krav Maga .Pratiquant de tous les arts martiaux chinois et japonais, il trouvait qu&rsquo;ils ne lui apportaient pas grand-chose sur le champ de guerre o\u00f9 il \u00e9tait question de survie. C&rsquo;est l\u00e0 que le Krav Maga est n\u00e9. \u00c0 sa sortie de l&rsquo;arm\u00e9e en 1964,il a commenc\u00e9 \u00e0 enseigner le Krav Maga aux civils parce qu&rsquo;\u00e0 l&rsquo;\u00e9poque c&rsquo;\u00e9tait un secret de famille .Un h\u00e9ritage transmis de p\u00e8re en fils. C&rsquo;est ce mythe que le pr\u00e9curseur tenait \u00e0 briser. Vu \u00e9galement que cette discipline n&rsquo;\u00e9tait pas assez connue dans le monde ,il a tenu \u00e0 la r\u00e9pandre en initiant la formation des civils .\u00c0 la base ,le Krav Maga n&rsquo;est pas un art martial Et vu que les adeptes le pratiquaient en treillis ,les populations en avaient peur. Le peuple Isra\u00e9lien en proie par le pass\u00e9 \u00e0 plusieurs guerres n&rsquo;aimait pas tout ce qui \u00e9tait militaire. Du coup ,il a d\u00e9cid\u00e9 d&rsquo;arborer le judoji( tenue des judokas).Et puis qu&rsquo;il avait form\u00e9 des instructeurs, ces derniers se sont charg\u00e9s de distiller sa science dans le monde. Le Krav Maga est aujourd&rsquo;hui un peu partout sur la plan\u00e8te terre.<br \/>\nComment le krav Maga est-il arriv\u00e9 en C\u00f4te d&rsquo;Ivoire ?<br \/>\nC&rsquo;est en 2001 qu\u2019officieusement, il est n\u00e9 en C\u00f4te d&rsquo;Ivoire. Nous l&rsquo;avons introduit dans notre pays pour corriger certaines lacunes dans les arts martiaux. Notre premi\u00e8re mission \u00e9tait de promouvoir cette discipline en sensibilisant les pratiquants sur notre approche. Officiellement, c\u2019est le 15 novembre 2016, nous avons eu l&rsquo;agr\u00e9ment du Minist\u00e8re des Aujourd&rsquo;hui, nous bataillons fermement pour obtenir la subvention de l\u2019Etat.<br \/>\nComment a-t-il \u00e9t\u00e9 accueilli ?<br \/>\nNous sommes une jeune f\u00e9d\u00e9ration. Et vu que c&rsquo;est une discipline peu connue, les gens \u00e9taient un peu susceptibles et m\u00e9fiants. Apr\u00e8s les nombreux efforts pour promouvoir cette discipline, les \u00e9chos sont de plus en plus favorables. Nous avons install\u00e9 le club de Bassam en f\u00e9vrier 2018 avant celui de Bonoua en fin 2018.Nous mettrons le cap sur Dabou. Notre d\u00e9marche est d&rsquo;installer des instructeurs experts dans les autres arts martiaux qui enseigneront \u00e9galement le Krav Maga.<\/p>\n<p>Combien de pratiquants, revendiquez-vous ?<br \/>\nNous revendiquons aujourd&rsquo;hui 150 pratiquants. Le krav maga peut se pratiquer d\u00e8s l\u2019\u00e2ge de 4 ans .Il n&rsquo;est pas dangereux pour les enfants. Mais, ils d\u00e9marrent au stade ludique jusqu&rsquo;agrandir avec.<br \/>\nQuelles sont les r\u00e8gles du Krav Maga ?<br \/>\nComme je l\u2019ai dit plus haut, le krav maga est n\u00e9 sur un champ de bataille. Cela veut dire qu&rsquo;il n&rsquo;y aucune r\u00e8gle. La seule \u00e9tait la survie par tous les moyens humainement possibles tout en restant dans la l\u00e9gitime d\u00e9fense. Mais aujourd&rsquo;hui avec la propension dans le monde et dans un souci de mieux vendre la chose, du carcan militaire pour le civil \u00e0 travers la f\u00e9d\u00e9ration .Alors nous avons dilu\u00e9 la chose en vue de permettre \u00e0 tous les genres de s&rsquo;adonner au krav maga. D&rsquo;o\u00f9 la naissance de certaines r\u00e8gles .Chez nous, il n&rsquo;y a pas v\u00e9ritablement de comp\u00e9tition comme les autres arts martiaux. Car la plupart des frappes sont g\u00e9nitales, \u00e0 la gorge et dans plusieurs parties sensibles. C&rsquo;est dans l&rsquo;objectif de d\u00e9truire voire de tuer. Il nous a fallu faire un compromis en trouvant le juste milieu afin de permettre \u00e0 tout le monde de pratiquer cette discipline. Aujourd&rsquo;hui, nous sommes en train d&rsquo;instaurer des r\u00e8gles, nous avons m\u00eame des arbitres. Toutefois, nous n&rsquo;avons pas encore d\u00e9marr\u00e9 les comp\u00e9titions adultes. Nous avons les comp\u00e9titions enfants pr\u00e9vus sous peu .En Isra\u00ebl, les comp\u00e9titions enfants ont d\u00e9j\u00e0 commenc\u00e9 pour tester leur agressivit\u00e9 et d\u00e9celer \u00e9galement les imperfections. Nous avons \u00e9labor\u00e9 des documents dans le cadre de ces comp\u00e9titions pour les arbitres. Notre tenue porte le logo de la f\u00e9d\u00e9ration internationale avec la carte de la C\u00f4te d&rsquo;Ivoire et l&rsquo;\u00e9l\u00e9phant incrust\u00e9.<\/p>\n<p>Quels sont les grades au Krav Maga ?<br \/>\nNous avons \u00e9galement eu un passage de grade de niveau 1 .Il faut noter qu&rsquo;au krav maga, les grades sont diff\u00e9rents des arts martiaux chinois. En Europe, ils ont plus 30 mille licenci\u00e9s avec des ceintures similaires aux autres arts martiaux.<\/p>\n<p><img loading=\"lazy\" decoding=\"async\" class=\"alignnone size-full wp-image-5033\" src=\"http:\/\/www.infoline.ci\/wp-content\/uploads\/2019\/10\/symbole.jpg\" alt=\"\" width=\"584\" height=\"454\" srcset=\"https:\/\/www.infoline.ci\/wp-content\/uploads\/2019\/10\/symbole.jpg 584w, https:\/\/www.infoline.ci\/wp-content\/uploads\/2019\/10\/symbole-300x233.jpg 300w, https:\/\/www.infoline.ci\/wp-content\/uploads\/2019\/10\/symbole-540x420.jpg 540w\" sizes=\"auto, (max-width: 584px) 100vw, 584px\" \/><br \/>\nMike Koffi<\/p>\n","protected":false},"excerpt":{"rendered":"<p>Grand passionn\u00e9 de krav Maga , Alassane Fofana le pr\u00e9sident de la f\u00e9d\u00e9ration ivoirienne de Krav Maga pr\u00e9sente cette discipline nouvelle et sa jeune f\u00e9d\u00e9ration .Le patron de cette discipline isra\u00e9lienne qui n&rsquo;est pas un art martial mais un appoint aux autres en fait la gen\u00e8se en revenant sur le chemin parcouru depuis l&rsquo;av\u00e8nement de [&hellip;]<\/p>\n","protected":false},"author":2,"featured_media":5032,"comment_status":"closed","ping_status":"closed","sticky":false,"template":"","format":"standard","meta":{"footnotes":""},"categories":[26],"tags":[],"class_list":["post-5031","post","type-post","status-publish","format-standard","has-post-thumbnail","hentry","category-arts-martiaux"],"_links":{"self":[{"href":"https:\/\/www.infoline.ci\/index.php?rest_route=\/wp\/v2\/posts\/5031","targetHints":{"allow":["GET"]}}],"collection":[{"href":"https:\/\/www.infoline.ci\/index.php?rest_route=\/wp\/v2\/posts"}],"about":[{"href":"https:\/\/www.infoline.ci\/index.php?rest_route=\/wp\/v2\/types\/post"}],"author":[{"embeddable":true,"href":"https:\/\/www.infoline.ci\/index.php?rest_route=\/wp\/v2\/users\/2"}],"replies":[{"embeddable":true,"href":"https:\/\/www.infoline.ci\/index.php?rest_route=%2Fwp%2Fv2%2Fcomments&post=5031"}],"version-history":[{"count":1,"href":"https:\/\/www.infoline.ci\/index.php?rest_route=\/wp\/v2\/posts\/5031\/revisions"}],"predecessor-version":[{"id":5034,"href":"https:\/\/www.infoline.ci\/index.php?rest_route=\/wp\/v2\/posts\/5031\/revisions\/5034"}],"wp:featuredmedia":[{"embeddable":true,"href":"https:\/\/www.infoline.ci\/index.php?rest_route=\/wp\/v2\/media\/5032"}],"wp:attachment":[{"href":"https:\/\/www.infoline.ci\/index.php?rest_route=%2Fwp%2Fv2%2Fmedia&parent=5031"}],"wp:term":[{"taxonomy":"category","embeddable":true,"href":"https:\/\/www.infoline.ci\/index.php?rest_route=%2Fwp%2Fv2%2Fcategories&post=5031"},{"taxonomy":"post_tag","embeddable":true,"href":"https:\/\/www.infoline.ci\/index.php?rest_route=%2Fwp%2Fv2%2Ftags&post=5031"}],"curies":[{"name":"wp","href":"https:\/\/api.w.org\/{rel}","templated":true}]}}