{"id":4917,"date":"2019-10-01T22:23:29","date_gmt":"2019-10-01T22:23:29","guid":{"rendered":"http:\/\/www.infoline.ci\/?p=4917"},"modified":"2019-10-01T22:23:29","modified_gmt":"2019-10-01T22:23:29","slug":"5e-edition-du-forum-sur-le-financement-du-developpement-lintegralite-du-discours-du-numero-ivoirien-son-excellence-alassane-ouattara","status":"publish","type":"post","link":"https:\/\/www.infoline.ci\/?p=4917","title":{"rendered":"5e \u00e9dition  du Forum sur le financement du d\u00e9veloppement: L&rsquo;int\u00e9gralit\u00e9 du discours  du num\u00e9ro ivoirien  son excellence  Alassane Ouattara"},"content":{"rendered":"<p>Ce mardi 1er octobre 2019 le num\u00e9ro ivoirien, Alassane Ouattara, a pr\u00e9sid\u00e9, \u00e0 Sofitel Abidjan H\u00f4tel Ivoire, la c\u00e9r\u00e9monie d\u2019ouverture de la 5e \u00e9dition du Forum sur le financement du d\u00e9veloppement organis\u00e9 par la Banque mondiale. Ci-dessous l\u2019int\u00e9gralit\u00e9 de son discours.<br \/>\n\u00ab C\u2019est avec un r\u00e9el plaisir que je prends part \u00e0 cette c\u00e9r\u00e9monie d\u2019ouverture de l\u2019\u00e9dition 2019 du Forum sur le Financement du D\u00e9veloppement, organis\u00e9 par le Groupe de la Banque Mondiale, ici \u00e0 Abidjan. Je suis heureux qu\u2019apr\u00e8s l\u2019\u00e9dition 2018 au Rwanda, notre pays ait \u00e9t\u00e9 choisi pour abriter la 5e \u00e9dition de cette importante rencontre d\u2019\u00e9changes.<br \/>\nJe voudrais vous souhaiter la cordiale bienvenue en terre ivoirienne. AKWABA \u00e0 toutes et \u00e0 tous !<br \/>\nHonorables Invit\u00e9s,<br \/>\nMesdames et Messieurs,<br \/>\nLe continent africain abrite 60% des terres arables du monde. Ses ressources \u00e9nerg\u00e9tiques sont abondantes. Quatre des 10 \u00e9conomies les plus dynamiques du monde, y compris la C\u00f4te d\u2019Ivoire, se trouvent sur le continent africain. En ce qui concerne la C\u00f4te d\u2019Ivoire, apr\u00e8s plusieurs ann\u00e9es de crises socio\u00e9conomiques, le pays a renou\u00e9 avec la stabilit\u00e9 et la prosp\u00e9rit\u00e9.<br \/>\nCe r\u00e9sultat est le fruit de huit (8) ann\u00e9es d\u2019efforts constants du peuple et du Gouvernement ivoiriens, \u00e0 travers la mise en \u0153uvre de 2 plans nationaux de d\u00e9veloppement, d\u2019un montant total de 72 milliards de dollars am\u00e9ricains, avec le soutien de ses partenaires au d\u00e9veloppement et du secteur priv\u00e9, afin de:<br \/>\n(i) cr\u00e9er et consolider un cadre macro-\u00e9conomique stable,<br \/>\n(ii) maintenir une gestion rigoureuse des finances publiques,<br \/>\n(iii) engager la transformation structurelle et am\u00e9liorer la comp\u00e9titivit\u00e9 de notre \u00e9conomie,<br \/>\n(iv) renforcer la Gouvernance, (v) et am\u00e9liorer les conditions de vie de nos populations.<br \/>\nDepuis 2012, la C\u00f4te d\u2019Ivoire, avec une croissance moyenne de 8% par an, a su se hisser au rang des dix pays ayant les taux de croissance \u00e9conomique les plus \u00e9lev\u00e9s au monde.<br \/>\nMesdames et Messieurs,<br \/>\nToutefois, malgr\u00e9 tous ces r\u00e9sultats, la C\u00f4te d\u2019Ivoire et la plupart des pays africains, doivent encore faire face \u00e0 des d\u00e9fis majeurs, pour soutenir leur dynamique de croissance durable et inclusive. Il s\u2019agit notamment :<br \/>\n&#8211; De la s\u00e9curit\u00e9 et la stabilit\u00e9 de nos Etats,<br \/>\nDu dividende d\u00e9mographique et la jeunesse de la population,<br \/>\nDe la transformation structurelle et la comp\u00e9titivit\u00e9 de nos \u00e9conomies,<br \/>\nDu financement de nos \u00e9conomies.<br \/>\nAu plan de la s\u00e9curit\u00e9, l\u2019ampleur de la menace terroriste en Afrique de l\u2019Ouest est devenue une pr\u00e9occupation majeure pour nos pays.<br \/>\nCelle-ci consomme une part importante des ressources de nos Etats, jusqu\u2019\u00e0 30% pour certains, fragilise le climat des affaires, ralentit les investissements priv\u00e9s et, par cons\u00e9quent, la cr\u00e9ation d\u2019emplois, vitale pour la stabilit\u00e9 socio-politique de nos pays. Cette urgence nous a conduits \u00e0 tenir un Sommet extraordinaire des Chefs d\u2019Etat et de Gouvernement de la CEDEAO sur le terrorisme le 14 septembre dernier \u00e0 Ouagadougou au Burkina Faso. A l\u2019issue de cette rencontre, les Chefs d\u2019Etat et de Gouvernement ont d\u00e9cid\u00e9 de mobiliser 1 milliard de dollars am\u00e9ricains sur 5 ans, dont 500 millions en provenance de l\u2019UEMOA.<br \/>\nMesdames et Messieurs,<br \/>\nL\u2019\u00e9v\u00e8nement qui nous rassemble aujourd\u2019hui rev\u00eat une grande importance, car la probl\u00e9matique du financement du d\u00e9veloppement constitue v\u00e9ritablement une priorit\u00e9 pour nos pays.<br \/>\nEn effet, selon la Banque mondiale, l&rsquo;Afrique a besoin d&rsquo;investissements annuels d&rsquo;environ 93 milliards de dollars rien que pour ses besoins en infrastructures.<br \/>\nAu regard de tous ces besoins, comment financer durablement notre d\u00e9veloppement ? Pour ma part, je pense que les pays africains doivent se focaliser sur les quatre (4) priorit\u00e9s suivantes :<br \/>\nPremi\u00e8rement, l&rsquo;acc\u00e9l\u00e9ration de la mobilisation des ressources int\u00e9rieures. Avec un ratio recettes fiscales sur PIB d&rsquo;environ 17% contre 36% dans les pays de l&rsquo;OCDE, l&rsquo;Afrique a besoin d&rsquo;am\u00e9liorer son recouvrement d\u2019imp\u00f4ts et de taxes pour financer son d\u00e9veloppement avec ses ressources propres.<br \/>\nEn effet, les marges budg\u00e9taires demeurent insuffisantes et ne peuvent combler \u00e0 elles seules tous ces besoins indispensables au d\u00e9veloppement de notre \u00e9conomie.<br \/>\nDeuxi\u00e8mement, l&rsquo;am\u00e9lioration du climat des affaires afin d\u2019attirer les investissements priv\u00e9s nationaux et internationaux, y compris les partenariats public-priv\u00e9 (PPP) et le capital investissement.<br \/>\nLes r\u00e9cents rapports \u00ab Doing Business \u00bb de la Banque Mondiale d\u00e9montrent que les pays africains sont sur la bonne voie avec l\u2019am\u00e9lioration continue de l\u2019environnement des affaires.<br \/>\nLa C\u00f4te d\u2019Ivoire s\u2019inscrit parmi les pays ayant fait les plus grands progr\u00e8s en mati\u00e8re de gouvernance et de cr\u00e9ation d\u2019un environnement propice \u00e0 l\u2019investissement et aux affaires.<br \/>\nTroisi\u00e8mement, le D\u00e9veloppement d&rsquo;un secteur financier solide et diversifi\u00e9 et l&rsquo;accroissement du taux de l&rsquo;\u00e9pargne int\u00e9rieure, tant priv\u00e9e que publique, afin d&rsquo;augmenter le montant et la dur\u00e9e des pr\u00eats, n\u00e9cessaires \u00e0 l&rsquo;investissement dans les infrastructures et rendre le co\u00fbt du cr\u00e9dit plus accessible aux PME.<br \/>\nPour aller dans ce sens, nous venons de cr\u00e9er, en C\u00f4te d\u2019Ivoire, une Caisse de D\u00e9p\u00f4t et de Consignation. Quatri\u00e8mement enfin, la mobilisation des capitaux institutionnels. Selon la Banque Africaine de D\u00e9veloppement, les fonds de pension et les fonds souverains africains sont estim\u00e9s, respectivement, \u00e0 334 et 164 milliards de dollars. La mobilisation de ces investissements institutionnels, en particulier les fonds de pension estim\u00e9s \u00e0 1000 milliards d&rsquo;ici 2030, dans les infrastructures, contribuerait grandement \u00e0 r\u00e9aliser notre potentiel de croissance.<br \/>\nMesdames et Messieurs,<br \/>\nJe me f\u00e9licite de la tenue r\u00e9guli\u00e8re du Forum sur le Financement du D\u00e9veloppement organis\u00e9 par la Banque Mondiale. Ce forum permet de r\u00e9unir tous les acteurs de la vie \u00e9conomique afin de partager leurs exp\u00e9riences individuelles et de trouver, dans une d\u00e9marche concert\u00e9e, des id\u00e9es nouvelles pour relever les d\u00e9fis du financement du D\u00e9veloppement.<br \/>\nLa C\u00f4te d\u2019Ivoire s\u2019est engag\u00e9e dans une r\u00e9flexion strat\u00e9gique \u00e0 l\u2019horizon 2030, fond\u00e9e sur l\u2019exp\u00e9rience de pays dont les succ\u00e8s fulgurants au cours des derni\u00e8res d\u00e9cennies peuvent \u00eatre une source d\u2019inspiration. Les conclusions de ces travaux, qui visent \u00e0 identifier les secteurs porteurs de croissance sur la prochaine d\u00e9cennie, couvrent bien les th\u00e8mes que vous avez identifi\u00e9s au cours de votre conf\u00e9rence. Il s\u2019agit notamment de :<br \/>\nL\u2019Agriculture et la comp\u00e9titivit\u00e9 de l\u2019Agrobusiness ;<br \/>\nLa Mobilit\u00e9 urbaine, l\u2019Int\u00e9gration R\u00e9gionale et le d\u00e9veloppement des Corridors logistiques R\u00e9gionaux en Afrique de l\u2019Ouest ;<br \/>\nLa Transformation structurelle des \u00e9conomies et le d\u00e9veloppement du secteur priv\u00e9 ;<br \/>\nL\u2019\u00e9conomie num\u00e9rique.<br \/>\nJe reste convaincu, qu\u2019au terme de ce forum, des solutions techniques et financi\u00e8res innovantes seront trouv\u00e9es, afin d\u2019acc\u00e9l\u00e9rer la mise en \u0153uvre des diff\u00e9rents projets de d\u00e9veloppement et r\u00e9pondre ainsi efficacement aux besoins de nos populations.<br \/>\nC\u2019est sur ces mots que je voudrais clore mon propos, en d\u00e9clarant ouverte l\u2019\u00e9dition 2019 du Forum sur le Financement du D\u00e9veloppement organis\u00e9 par le Groupe de la Banque Mondiale.<\/p>\n<p>Je vous remercie \u00bb.<\/p>\n","protected":false},"excerpt":{"rendered":"<p>Ce mardi 1er octobre 2019 le num\u00e9ro ivoirien, Alassane Ouattara, a pr\u00e9sid\u00e9, \u00e0 Sofitel Abidjan H\u00f4tel Ivoire, la c\u00e9r\u00e9monie d\u2019ouverture de la 5e \u00e9dition du Forum sur le financement du d\u00e9veloppement organis\u00e9 par la Banque mondiale. Ci-dessous l\u2019int\u00e9gralit\u00e9 de son discours. \u00ab C\u2019est avec un r\u00e9el plaisir que je prends part \u00e0 cette c\u00e9r\u00e9monie d\u2019ouverture [&hellip;]<\/p>\n","protected":false},"author":2,"featured_media":4918,"comment_status":"closed","ping_status":"closed","sticky":false,"template":"","format":"standard","meta":{"footnotes":""},"categories":[21],"tags":[],"class_list":["post-4917","post","type-post","status-publish","format-standard","has-post-thumbnail","hentry","category-economie"],"_links":{"self":[{"href":"https:\/\/www.infoline.ci\/index.php?rest_route=\/wp\/v2\/posts\/4917","targetHints":{"allow":["GET"]}}],"collection":[{"href":"https:\/\/www.infoline.ci\/index.php?rest_route=\/wp\/v2\/posts"}],"about":[{"href":"https:\/\/www.infoline.ci\/index.php?rest_route=\/wp\/v2\/types\/post"}],"author":[{"embeddable":true,"href":"https:\/\/www.infoline.ci\/index.php?rest_route=\/wp\/v2\/users\/2"}],"replies":[{"embeddable":true,"href":"https:\/\/www.infoline.ci\/index.php?rest_route=%2Fwp%2Fv2%2Fcomments&post=4917"}],"version-history":[{"count":1,"href":"https:\/\/www.infoline.ci\/index.php?rest_route=\/wp\/v2\/posts\/4917\/revisions"}],"predecessor-version":[{"id":4919,"href":"https:\/\/www.infoline.ci\/index.php?rest_route=\/wp\/v2\/posts\/4917\/revisions\/4919"}],"wp:featuredmedia":[{"embeddable":true,"href":"https:\/\/www.infoline.ci\/index.php?rest_route=\/wp\/v2\/media\/4918"}],"wp:attachment":[{"href":"https:\/\/www.infoline.ci\/index.php?rest_route=%2Fwp%2Fv2%2Fmedia&parent=4917"}],"wp:term":[{"taxonomy":"category","embeddable":true,"href":"https:\/\/www.infoline.ci\/index.php?rest_route=%2Fwp%2Fv2%2Fcategories&post=4917"},{"taxonomy":"post_tag","embeddable":true,"href":"https:\/\/www.infoline.ci\/index.php?rest_route=%2Fwp%2Fv2%2Ftags&post=4917"}],"curies":[{"name":"wp","href":"https:\/\/api.w.org\/{rel}","templated":true}]}}