{"id":4866,"date":"2019-09-24T17:51:33","date_gmt":"2019-09-24T17:51:33","guid":{"rendered":"http:\/\/www.infoline.ci\/?p=4866"},"modified":"2019-09-24T17:53:02","modified_gmt":"2019-09-24T17:53:02","slug":"activites-du-premier-ministre-amadou-gon-dans-la-region-du-nzi-ce-mardi","status":"publish","type":"post","link":"https:\/\/www.infoline.ci\/?p=4866","title":{"rendered":"Activit\u00e9s du premier ministre : Amadou Gon, dans la r\u00e9gion du N\u2019Zi ce mardi"},"content":{"rendered":"<p>En pr\u00e9lude de la visite du num\u00e9ro ivoirien, Alassane Ouattara, pr\u00e9vue \u00a0pour\u00a0 le 25 septembre 2019 \u00a0dans la r\u00e9gion du N\u2019Zi le chef du gouvernement, Amadou Gon Coulibaly\u00a0 est \u00a0ce mardi 24 septembre \u00a0dans ladite localit\u00e9. Et ce, malgr\u00e9 son programme charg\u00e9. \u00ab\u00a0J\u2019ai pr\u00e9sid\u00e9, ce matin, le Conseil de Gouvernement avant de prendre la direction de Dimbokro dans le cadre de la visite d\u2019\u00c9tat du Pr\u00e9sident de la R\u00e9publique, Alassane Ouattara, dans la r\u00e9gion du N\u2019Zi.\u00a0\u00bb a-t-il\u00a0 indiqu\u00e9. Il est \u00e0 signaler que le chef du gouvernement est \u00e0 Dimobokro pour \u00a0s\u2019acqu\u00e9rir des pr\u00e9paratifs des filles et fils de la r\u00e9gion. \u00a0Ainsi selon, les organisateurs \u00a0la \u00a0mobilisation et la\u00a0 pr\u00e9sence de toutes les forces vives de la r\u00e9gion sera effective.<\/p>\n<p>Carlos Mombohi All\u00e9luia<\/p>\n<p>&nbsp;<\/p>\n<p>&nbsp;<\/p>\n","protected":false},"excerpt":{"rendered":"<p>En pr\u00e9lude de la visite du num\u00e9ro ivoirien, Alassane Ouattara, pr\u00e9vue \u00a0pour\u00a0 le 25 septembre 2019 \u00a0dans la r\u00e9gion du N\u2019Zi le chef du gouvernement, Amadou Gon Coulibaly\u00a0 est \u00a0ce mardi 24 septembre \u00a0dans ladite localit\u00e9. Et ce, malgr\u00e9 son programme charg\u00e9. \u00ab\u00a0J\u2019ai pr\u00e9sid\u00e9, ce matin, le Conseil de Gouvernement avant de prendre la direction [&hellip;]<\/p>\n","protected":false},"author":2,"featured_media":4867,"comment_status":"closed","ping_status":"closed","sticky":false,"template":"","format":"standard","meta":{"footnotes":""},"categories":[23],"tags":[],"class_list":["post-4866","post","type-post","status-publish","format-standard","has-post-thumbnail","hentry","category-politique"],"_links":{"self":[{"href":"https:\/\/www.infoline.ci\/index.php?rest_route=\/wp\/v2\/posts\/4866","targetHints":{"allow":["GET"]}}],"collection":[{"href":"https:\/\/www.infoline.ci\/index.php?rest_route=\/wp\/v2\/posts"}],"about":[{"href":"https:\/\/www.infoline.ci\/index.php?rest_route=\/wp\/v2\/types\/post"}],"author":[{"embeddable":true,"href":"https:\/\/www.infoline.ci\/index.php?rest_route=\/wp\/v2\/users\/2"}],"replies":[{"embeddable":true,"href":"https:\/\/www.infoline.ci\/index.php?rest_route=%2Fwp%2Fv2%2Fcomments&post=4866"}],"version-history":[{"count":2,"href":"https:\/\/www.infoline.ci\/index.php?rest_route=\/wp\/v2\/posts\/4866\/revisions"}],"predecessor-version":[{"id":4869,"href":"https:\/\/www.infoline.ci\/index.php?rest_route=\/wp\/v2\/posts\/4866\/revisions\/4869"}],"wp:featuredmedia":[{"embeddable":true,"href":"https:\/\/www.infoline.ci\/index.php?rest_route=\/wp\/v2\/media\/4867"}],"wp:attachment":[{"href":"https:\/\/www.infoline.ci\/index.php?rest_route=%2Fwp%2Fv2%2Fmedia&parent=4866"}],"wp:term":[{"taxonomy":"category","embeddable":true,"href":"https:\/\/www.infoline.ci\/index.php?rest_route=%2Fwp%2Fv2%2Fcategories&post=4866"},{"taxonomy":"post_tag","embeddable":true,"href":"https:\/\/www.infoline.ci\/index.php?rest_route=%2Fwp%2Fv2%2Ftags&post=4866"}],"curies":[{"name":"wp","href":"https:\/\/api.w.org\/{rel}","templated":true}]}}