{"id":4597,"date":"2019-08-26T22:35:42","date_gmt":"2019-08-26T22:35:42","guid":{"rendered":"http:\/\/www.infoline.ci\/?p=4597"},"modified":"2019-08-26T22:35:43","modified_gmt":"2019-08-26T22:35:43","slug":"scandale-cote-divoire-voici-comment-le-gendarme-a-ete-poignarde-et-abattu-avec-son-arme-par-des-delinquants-du-transport-a-la-gare-de-yopougon-lavage","status":"publish","type":"post","link":"https:\/\/www.infoline.ci\/?p=4597","title":{"rendered":"Scandale\/ C\u00f4te d\u2019Ivoire: voici comment le gendarme a \u00e9t\u00e9  poignard\u00e9 et  abattu avec son arme par  des d\u00e9linquants du transport \u00e0 la gare de Yopougon \u201cLavage\u201d"},"content":{"rendered":"<p>Dimanche \u00a026 aout 2019 apr\u00e8s-midi\u00a0 selon des sources s\u00e9curitaires, un \u00a0gendarme en civil \u00a0a \u00e9t\u00e9 abattu \u00a0au lavage de la commune de Yopougon\u00a0 pr\u00e9cis\u00e9ment \u00e0 la gare des taxis intercommunaux. Selon la m\u00eame source \u00a0le mar\u00e9chal des logis\u00a0 a tent\u00e9 de s\u2019interposer \u00e0 une violente bagarre des d\u00e9linquants du transport routier. Malheureusement ce dernier \u00a0a \u00e9t\u00e9 pris \u00e0 partie par ces derniers, qui lui ont ass\u00e9n\u00e9 des coups de couteau, avant de lui arracher son arme de service pour le tuer \u00e0 bout portant.<\/p>\n<p>P\u00e9niblement, le gendarme, s\u00e9rieusement amoch\u00e9, a \u00e9t\u00e9 \u00e9vacu\u00e9 ensuite dans un centre de sant\u00e9 o\u00f9 il a \u00e9t\u00e9 d\u00e9clar\u00e9 mort.\u00a0 Par la suite, les gendarmes \u00a0se sont mis \u00e0 la recherche des bourreaux de leur ex-fr\u00e8re d\u2019arme. Notons que\u00a0 la hi\u00e9rarchie militaire condamne cette \u201cbarbarie \u00e0 l\u2019\u00e9gard d\u2019un \u00e9l\u00e9ment des forces de s\u00e9curit\u00e9\u201d.<\/p>\n<p>Carlos All\u00e9luia<\/p>\n","protected":false},"excerpt":{"rendered":"<p>Dimanche \u00a026 aout 2019 apr\u00e8s-midi\u00a0 selon des sources s\u00e9curitaires, un \u00a0gendarme en civil \u00a0a \u00e9t\u00e9 abattu \u00a0au lavage de la commune de Yopougon\u00a0 pr\u00e9cis\u00e9ment \u00e0 la gare des taxis intercommunaux. Selon la m\u00eame source \u00a0le mar\u00e9chal des logis\u00a0 a tent\u00e9 de s\u2019interposer \u00e0 une violente bagarre des d\u00e9linquants du transport routier. Malheureusement ce dernier \u00a0a [&hellip;]<\/p>\n","protected":false},"author":2,"featured_media":4598,"comment_status":"closed","ping_status":"closed","sticky":false,"template":"","format":"standard","meta":{"footnotes":""},"categories":[22],"tags":[],"class_list":["post-4597","post","type-post","status-publish","format-standard","has-post-thumbnail","hentry","category-faits-divers"],"_links":{"self":[{"href":"https:\/\/www.infoline.ci\/index.php?rest_route=\/wp\/v2\/posts\/4597","targetHints":{"allow":["GET"]}}],"collection":[{"href":"https:\/\/www.infoline.ci\/index.php?rest_route=\/wp\/v2\/posts"}],"about":[{"href":"https:\/\/www.infoline.ci\/index.php?rest_route=\/wp\/v2\/types\/post"}],"author":[{"embeddable":true,"href":"https:\/\/www.infoline.ci\/index.php?rest_route=\/wp\/v2\/users\/2"}],"replies":[{"embeddable":true,"href":"https:\/\/www.infoline.ci\/index.php?rest_route=%2Fwp%2Fv2%2Fcomments&post=4597"}],"version-history":[{"count":1,"href":"https:\/\/www.infoline.ci\/index.php?rest_route=\/wp\/v2\/posts\/4597\/revisions"}],"predecessor-version":[{"id":4599,"href":"https:\/\/www.infoline.ci\/index.php?rest_route=\/wp\/v2\/posts\/4597\/revisions\/4599"}],"wp:featuredmedia":[{"embeddable":true,"href":"https:\/\/www.infoline.ci\/index.php?rest_route=\/wp\/v2\/media\/4598"}],"wp:attachment":[{"href":"https:\/\/www.infoline.ci\/index.php?rest_route=%2Fwp%2Fv2%2Fmedia&parent=4597"}],"wp:term":[{"taxonomy":"category","embeddable":true,"href":"https:\/\/www.infoline.ci\/index.php?rest_route=%2Fwp%2Fv2%2Fcategories&post=4597"},{"taxonomy":"post_tag","embeddable":true,"href":"https:\/\/www.infoline.ci\/index.php?rest_route=%2Fwp%2Fv2%2Ftags&post=4597"}],"curies":[{"name":"wp","href":"https:\/\/api.w.org\/{rel}","templated":true}]}}