{"id":4520,"date":"2019-08-07T15:18:41","date_gmt":"2019-08-07T15:18:41","guid":{"rendered":"http:\/\/www.infoline.ci\/?p=4520"},"modified":"2019-09-11T22:31:00","modified_gmt":"2019-09-11T22:31:00","slug":"art-et-tourisme-siab-3e-edition-le-commissaire-general-les-autorites-ne-nous-financent-pas-notre-evenement-et-on-finit-les-differentes-editions-avec-des-dettes","status":"publish","type":"post","link":"https:\/\/www.infoline.ci\/?p=4520","title":{"rendered":"Art et Tourisme (SIAB 3e \u00e9dition)  Le commissaire g\u00e9n\u00e9ral \u00ab  les autorit\u00e9s ne financent  pas notre \u00e9v\u00e9nement  et on finit les diff\u00e9rentes \u00e9ditions avec des dettes \u00bb"},"content":{"rendered":"<p>La\u00a0 3<sup>e<\/sup> \u00e9dition de la semaine internationale de l\u2019artisanat de\u00a0 Bassam (SIAB<u>)<\/u> \u00a0bat son pleine dans la ville baln\u00e9aire pr\u00e9cis\u00e9ment \u00e0 la maison du patrimoine mondiale \u00a0de l\u2019Unesco de Grand-Bassam. Cette plate-forme \u00a0d\u2019\u00e9changes, d\u2019expositions guid\u00e9es, de vente, de concerts, de conf\u00e9rences et de village gastronomique animera la premi\u00e8re capitale ivoirienne\u00a0 du 1 au 7 aout 2019.<\/p>\n<p>A l\u2019occasion \u00a0de la visite guid\u00e9e des 200 stands issus de 15 pays Africains entre autres Madagascar Ghana Burkina-Faso et bien autres\u00a0 Moustapha Kambou , commissaire g\u00e9n\u00e9ral de l\u2019\u00e9v\u00e9nement\u00a0 a exprim\u00e9 les affres qui rongent chaque ann\u00e9e l\u2019organisation de la vente de la destination de la ville historique de Grand-Bassam. \u00ab\u00a0Chez nous on parle d\u2019\u00e9mergence. Nous aussi on veut apporter notre pierre \u00e0 ce concept mais malheureusement nous n\u2019avons aucun budget ni un \u00a0soutien financier d\u2019une autorit\u00e9 gouvernementale. Et on finit les diff\u00e9rentes \u00e9ditions avec des dettes.\u00a0\u00bb\u00a0 A lanc\u00e9 le commissaire g\u00e9n\u00e9ral<\/p>\n<p>Pour lui ce\u00a0 secteur pourvoyeur d\u2019emplois et ce plateau international de valorisation de l\u2019art et du tourisme ne doit pas se limit\u00e9 au soutien financier de sa commune. \u00ab\u00a0Nous devons avoir un regard particulier des autorit\u00e9s gouvernementales et non se limiter\u00a0 aux modestes moyens de Jean Louis Moulot maire\u00a0 de la commune h\u00f4te.\u00a0\u00bb \u00a0a-t-il pr\u00e9cis\u00e9.<\/p>\n<p>Selon les initiateurs la \u00a0SIAB qui constitue un maillon important du tourisme serait victime de \u00a0n\u00e9gligence et de la lourdeur de l\u2019administration Ivoirienne. \u00ab\u00a0 Nous sommes des artisans on ne parle pas de politique mais fort est de reconnaitre que nos autorit\u00e9s minimisent et n\u00e9gligent notre \u00e9v\u00e9nement. La preuve\u00a0 aucun budget ne nous accompagne\u00a0\u00bb a \u00a0insist\u00e9 Moustapha Kambou<\/p>\n<p>Et d\u2019ajouter \u00ab\u00a0Nous sommes des hommes ordinaires qui faisons des choses extraordinaires. Et nous avons l\u2019ambition de redorer le blason de l\u2019image de l\u2019artisanat. Et si rien n\u2019ai fait pour nous accompagner\u00a0 nous risquons \u00a0d\u2019\u00eatre essouffl\u00e9\u00a0\u00bb a-t-il indiqu\u00e9<\/p>\n<p>Jean Marie Som\u00e9 , directeur de C\u00f4te d\u2019ivoire tourisme \u00a0dans son discours a\u00a0 tent\u00e9 vainement de recadre les initiateurs de la SIAB \u00ab\u00a0 nous sommes venus jeter un coup d\u2019\u0153il . Certes, nous n\u2019avons pas assez d\u2019argent mais venez nous voir un an avant et non \u00e0 une semaine de l\u2019\u00e9v\u00e9nement.\u00a0\u00bb\u00a0 A laiss\u00e9 entendre Jean Marie Som\u00e9<\/p>\n<p>Et d\u2019autre part le directeur de C\u00f4te d\u2019ivoire tourisme a exhort\u00e9 les promoteurs a avanc\u00e9\u00a0 malgr\u00e9 les p\u00e9rip\u00e9ties li\u00e9es \u00e0 l\u2019organisation des\u00a0 diff\u00e9rentes \u00e9ditions de la SIAB. Selon lui\u00a0 pour atteindre le paroxysme d\u2019une \u0153uvre\u00a0 humaine ou d\u2019un projet, il faut 5 ans de dur labeur.<\/p>\n<p>Quant au maire Jean Louis Moulot parrain de l\u2019\u00e9v\u00e9nement a promis tout mettre en \u0153uvre afin de p\u00e9renniser la SIAB.<\/p>\n<p>Carlos \u00a0All\u00e9luia<\/p>\n<p>&nbsp;<\/p>\n","protected":false},"excerpt":{"rendered":"<p>La\u00a0 3e \u00e9dition de la semaine internationale de l\u2019artisanat de\u00a0 Bassam (SIAB) \u00a0bat son pleine dans la ville baln\u00e9aire pr\u00e9cis\u00e9ment \u00e0 la maison du patrimoine mondiale \u00a0de l\u2019Unesco de Grand-Bassam. Cette plate-forme \u00a0d\u2019\u00e9changes, d\u2019expositions guid\u00e9es, de vente, de concerts, de conf\u00e9rences et de village gastronomique animera la premi\u00e8re capitale ivoirienne\u00a0 du 1 au 7 aout [&hellip;]<\/p>\n","protected":false},"author":2,"featured_media":4521,"comment_status":"closed","ping_status":"closed","sticky":false,"template":"","format":"standard","meta":{"footnotes":""},"categories":[19],"tags":[],"class_list":["post-4520","post","type-post","status-publish","format-standard","has-post-thumbnail","hentry","category-culture"],"_links":{"self":[{"href":"https:\/\/www.infoline.ci\/index.php?rest_route=\/wp\/v2\/posts\/4520","targetHints":{"allow":["GET"]}}],"collection":[{"href":"https:\/\/www.infoline.ci\/index.php?rest_route=\/wp\/v2\/posts"}],"about":[{"href":"https:\/\/www.infoline.ci\/index.php?rest_route=\/wp\/v2\/types\/post"}],"author":[{"embeddable":true,"href":"https:\/\/www.infoline.ci\/index.php?rest_route=\/wp\/v2\/users\/2"}],"replies":[{"embeddable":true,"href":"https:\/\/www.infoline.ci\/index.php?rest_route=%2Fwp%2Fv2%2Fcomments&post=4520"}],"version-history":[{"count":2,"href":"https:\/\/www.infoline.ci\/index.php?rest_route=\/wp\/v2\/posts\/4520\/revisions"}],"predecessor-version":[{"id":4751,"href":"https:\/\/www.infoline.ci\/index.php?rest_route=\/wp\/v2\/posts\/4520\/revisions\/4751"}],"wp:featuredmedia":[{"embeddable":true,"href":"https:\/\/www.infoline.ci\/index.php?rest_route=\/wp\/v2\/media\/4521"}],"wp:attachment":[{"href":"https:\/\/www.infoline.ci\/index.php?rest_route=%2Fwp%2Fv2%2Fmedia&parent=4520"}],"wp:term":[{"taxonomy":"category","embeddable":true,"href":"https:\/\/www.infoline.ci\/index.php?rest_route=%2Fwp%2Fv2%2Fcategories&post=4520"},{"taxonomy":"post_tag","embeddable":true,"href":"https:\/\/www.infoline.ci\/index.php?rest_route=%2Fwp%2Fv2%2Ftags&post=4520"}],"curies":[{"name":"wp","href":"https:\/\/api.w.org\/{rel}","templated":true}]}}