{"id":3824,"date":"2019-04-01T12:23:47","date_gmt":"2019-04-01T12:23:47","guid":{"rendered":"http:\/\/www.infoline.ci\/?p=3824"},"modified":"2019-04-01T12:29:14","modified_gmt":"2019-04-01T12:29:14","slug":"politique-nationale-soro-guillaume-frappe-fort","status":"publish","type":"post","link":"https:\/\/www.infoline.ci\/?p=3824","title":{"rendered":"Politique nationale : Soro Guillaume frappe fort"},"content":{"rendered":"<p>Retranch\u00e9 en pays Djimini, depuis quelques jours, le pr\u00e9sident du Comit\u00e9 politique (Cp), Guillaume Kigbafori Soro, continue de jeter de grosses pierres dans le jardin du pr\u00e9sident de la R\u00e9publique, Alassane Ouattara, et du Rassemblement des houphou\u00e9tistes pour la d\u00e9mocratie et la paix (Rhdp).<\/p>\n<p>Vendredi 29 mars 2019, au quatri\u00e8me jour de son s\u00e9jour dans le d\u00e9partement de Dabakala, l\u2019ex-pr\u00e9sident de l\u2019Assembl\u00e9e nationale a fait une halte dans la sous-pr\u00e9fecture de Foumbolo, pr\u00e9cis\u00e9ment dans le village de Kap\u00e9l\u00e9. Selon nos sources, les populations de cette localit\u00e9 lui ont \u00e9gren\u00e9 un chapelet de dol\u00e9ances dont les plus urgentes sont la construction d\u2019une \u00e9cole primaire, l\u2019adduction en eau potable et la connexion au r\u00e9seau \u00e9lectrique national. Touch\u00e9 par les difficult\u00e9s que vivent ces villageois, Guillaume Soro a pris l\u2019engagement, s\u00e9ance tenante, de construire une \u00e9cole. Les travaux de construction de cette \u00e9cole d\u00e9buteront, selon lui, dans 2 semaines.<\/p>\n<p>Cette situation l\u2019a amen\u00e9 \u00e0 lancer des piques au r\u00e9gime Ouattara. Dans un message publi\u00e9 sur Tweeter, il a post\u00e9 une photo de lui en compagnie de deux fillettes qui n\u2019ont jamais \u00e9t\u00e9 \u00e0 l\u2019\u00e9cole. \u00ab Regardez bien ces deux jeunes filles qui m\u2019encadrent. Elles ne sont pas scolaris\u00e9es dans notre C\u00f4te d\u2019Ivoire \u00c9mergente aux taux de croissance exponentiels. Cause : pas d\u2019\u00e9cole \u00e0 Kap\u00e9l\u00e9. Avec l\u2019accord de leur p\u00e8re, elles iront suivre des cours d\u2019alphab\u00e9tisation et rattraper leur retard. Ouf ! \u00bb, a tweet\u00e9, avec ironie, le pr\u00e9sident du Comit\u00e9 politique, moquant litt\u00e9ralement le pouvoir Ouattara. L\u00e0 encore, le d\u00e9put\u00e9 de Ferkess\u00e9dougou a d\u00e9cid\u00e9 de prendre en charge la scolarit\u00e9 de ces 2 fillettes, \u00ab avec l\u2019accord de leur p\u00e8re \u00bb. Elles devaient d\u00e9buter, prioritairement, des cours d\u2019alphab\u00e9tisation.<br \/>\nNotons qu\u2019\u00e0 Foumbolo, il a rendu visite \u00e0 la famille de Drissa Ouattara dit \u00ab Delta \u00bb, son ancien chef de s\u00e9curit\u00e9, tu\u00e9 dans l\u2019attentat de son avion, \u00e0 Bouak\u00e9, en 2006.<\/p>\n<p>Par ailleurs, comme il s\u2019en est donn\u00e9 l\u2019habitude, l\u2019ex-chef du Parlement a adress\u00e9 un message fraternel aux musulmans ivoiriens et du monde. \u00ab Musulmans, musulmanes, chers fr\u00e8res et s\u0153urs, chers amis de l\u2019Islam. En ce vendredi 29 mars, je voudrais vous souhaiter le traditionnel Bon Djumah depuis les confins de la C\u00f4te d\u2019Ivoire, en pays Djimini. Puisse Allah raffermir notre foi et nous accorder les m\u00e9rites de notre\u2026<br \/>\nSource : abidjan.net<\/p>\n","protected":false},"excerpt":{"rendered":"<p>Retranch\u00e9 en pays Djimini, depuis quelques jours, le pr\u00e9sident du Comit\u00e9 politique (Cp), Guillaume Kigbafori Soro, continue de jeter de grosses pierres dans le jardin du pr\u00e9sident de la R\u00e9publique, Alassane Ouattara, et du Rassemblement des houphou\u00e9tistes pour la d\u00e9mocratie et la paix (Rhdp). Vendredi 29 mars 2019, au quatri\u00e8me jour de son s\u00e9jour dans [&hellip;]<\/p>\n","protected":false},"author":2,"featured_media":3307,"comment_status":"closed","ping_status":"closed","sticky":false,"template":"","format":"standard","meta":{"footnotes":""},"categories":[23],"tags":[],"class_list":["post-3824","post","type-post","status-publish","format-standard","has-post-thumbnail","hentry","category-politique"],"_links":{"self":[{"href":"https:\/\/www.infoline.ci\/index.php?rest_route=\/wp\/v2\/posts\/3824","targetHints":{"allow":["GET"]}}],"collection":[{"href":"https:\/\/www.infoline.ci\/index.php?rest_route=\/wp\/v2\/posts"}],"about":[{"href":"https:\/\/www.infoline.ci\/index.php?rest_route=\/wp\/v2\/types\/post"}],"author":[{"embeddable":true,"href":"https:\/\/www.infoline.ci\/index.php?rest_route=\/wp\/v2\/users\/2"}],"replies":[{"embeddable":true,"href":"https:\/\/www.infoline.ci\/index.php?rest_route=%2Fwp%2Fv2%2Fcomments&post=3824"}],"version-history":[{"count":1,"href":"https:\/\/www.infoline.ci\/index.php?rest_route=\/wp\/v2\/posts\/3824\/revisions"}],"predecessor-version":[{"id":3826,"href":"https:\/\/www.infoline.ci\/index.php?rest_route=\/wp\/v2\/posts\/3824\/revisions\/3826"}],"wp:featuredmedia":[{"embeddable":true,"href":"https:\/\/www.infoline.ci\/index.php?rest_route=\/wp\/v2\/media\/3307"}],"wp:attachment":[{"href":"https:\/\/www.infoline.ci\/index.php?rest_route=%2Fwp%2Fv2%2Fmedia&parent=3824"}],"wp:term":[{"taxonomy":"category","embeddable":true,"href":"https:\/\/www.infoline.ci\/index.php?rest_route=%2Fwp%2Fv2%2Fcategories&post=3824"},{"taxonomy":"post_tag","embeddable":true,"href":"https:\/\/www.infoline.ci\/index.php?rest_route=%2Fwp%2Fv2%2Ftags&post=3824"}],"curies":[{"name":"wp","href":"https:\/\/api.w.org\/{rel}","templated":true}]}}