{"id":3498,"date":"2019-02-19T15:47:42","date_gmt":"2019-02-19T15:47:42","guid":{"rendered":"http:\/\/www.infoline.ci\/?p=3498"},"modified":"2019-02-19T15:47:42","modified_gmt":"2019-02-19T15:47:42","slug":"football-girondins-de-bordeaux-karamoh-vers-une-titularisation-pour-son-retour","status":"publish","type":"post","link":"https:\/\/www.infoline.ci\/?p=3498","title":{"rendered":"Football\/Girondins de Bordeaux : KARAMOH vers une titularisation pour son retour"},"content":{"rendered":"<p>Revenu de sa mise \u00e0 pied suite \u00e0 une rencontre avec son pr\u00e9sident, Yann Karamoh pourrait d\u00e9marrer comme titulaire ce mercredi contre l\u2019En Avant Guingamp en match en retard de la 23\u00e8 journ\u00e9e.<br \/>\nLa lumi\u00e8re ! Yann Karamoh peut \u00e0 nouveau l\u2019appr\u00e9cier apr\u00e8s une semaine loin des pelouses. Mis \u00e0 pied pour altercation avec un des membres du staff, une vir\u00e9e \u00e0 Paris et une absence \u00e0 l\u2019entrainement, le jeune ivoirien avait \u00e9t\u00e9 victime d\u2019une sanction disciplinaire de la part de la direction girondine. Mais depuis vendredi dernier, ce n\u2019est plus qu\u2019une vieille histoire au soir de la rencontre avec le boss de Bordeaux.<br \/>\nA nouveau dans le groupe depuis samedi, le joueur pr\u00eat\u00e9 par l\u2019Inter de Milan devrait d\u00e9buter l\u2019affiche contre l\u2019En Avant Guingamp ce mercredi. Le staff technique conscient du poids des 3 matchs disput\u00e9s en huit jours annonce \u00ab\u00a0quelques changements sont pr\u00e9vus\u00a0\u00bb dans le onze de d\u00e9part. Des changements qui seront profitables \u00e0 Karamoh qui affiche une fraicheur physique du fait de son repos forc\u00e9. Un retour \u00e0 la comp\u00e9tition qui fera un bien fou  Yann Karamoh.<br \/>\nMIKE.K<\/p>\n","protected":false},"excerpt":{"rendered":"<p>Revenu de sa mise \u00e0 pied suite \u00e0 une rencontre avec son pr\u00e9sident, Yann Karamoh pourrait d\u00e9marrer comme titulaire ce mercredi contre l\u2019En Avant Guingamp en match en retard de la 23\u00e8 journ\u00e9e. La lumi\u00e8re ! Yann Karamoh peut \u00e0 nouveau l\u2019appr\u00e9cier apr\u00e8s une semaine loin des pelouses. Mis \u00e0 pied pour altercation avec un [&hellip;]<\/p>\n","protected":false},"author":2,"featured_media":3499,"comment_status":"closed","ping_status":"closed","sticky":false,"template":"","format":"standard","meta":{"footnotes":""},"categories":[28],"tags":[],"class_list":["post-3498","post","type-post","status-publish","format-standard","has-post-thumbnail","hentry","category-football"],"_links":{"self":[{"href":"https:\/\/www.infoline.ci\/index.php?rest_route=\/wp\/v2\/posts\/3498","targetHints":{"allow":["GET"]}}],"collection":[{"href":"https:\/\/www.infoline.ci\/index.php?rest_route=\/wp\/v2\/posts"}],"about":[{"href":"https:\/\/www.infoline.ci\/index.php?rest_route=\/wp\/v2\/types\/post"}],"author":[{"embeddable":true,"href":"https:\/\/www.infoline.ci\/index.php?rest_route=\/wp\/v2\/users\/2"}],"replies":[{"embeddable":true,"href":"https:\/\/www.infoline.ci\/index.php?rest_route=%2Fwp%2Fv2%2Fcomments&post=3498"}],"version-history":[{"count":1,"href":"https:\/\/www.infoline.ci\/index.php?rest_route=\/wp\/v2\/posts\/3498\/revisions"}],"predecessor-version":[{"id":3500,"href":"https:\/\/www.infoline.ci\/index.php?rest_route=\/wp\/v2\/posts\/3498\/revisions\/3500"}],"wp:featuredmedia":[{"embeddable":true,"href":"https:\/\/www.infoline.ci\/index.php?rest_route=\/wp\/v2\/media\/3499"}],"wp:attachment":[{"href":"https:\/\/www.infoline.ci\/index.php?rest_route=%2Fwp%2Fv2%2Fmedia&parent=3498"}],"wp:term":[{"taxonomy":"category","embeddable":true,"href":"https:\/\/www.infoline.ci\/index.php?rest_route=%2Fwp%2Fv2%2Fcategories&post=3498"},{"taxonomy":"post_tag","embeddable":true,"href":"https:\/\/www.infoline.ci\/index.php?rest_route=%2Fwp%2Fv2%2Ftags&post=3498"}],"curies":[{"name":"wp","href":"https:\/\/api.w.org\/{rel}","templated":true}]}}