{"id":3389,"date":"2019-02-13T04:50:59","date_gmt":"2019-02-13T04:50:59","guid":{"rendered":"http:\/\/www.infoline.ci\/?p=3389"},"modified":"2019-02-13T04:50:59","modified_gmt":"2019-02-13T04:50:59","slug":"football-mercato-arsenal-ne-lache-pas-gbamin","status":"publish","type":"post","link":"https:\/\/www.infoline.ci\/?p=3389","title":{"rendered":"Football\/Mercato :  Arsenal ne l\u00e2che pas Gbamin"},"content":{"rendered":"<p>Sous le charme de Jean -Philipe Gbamin cet hiver d\u00e9j\u00e0, Arsenal entend revenir \u00e0 la charge le prochain mercato estival pour enr\u00f4ler l\u2019international ivoirien (23 ans, Mayence).<br \/>\nLes Gunners ne d\u00e9mordent pas pour Jean-Philippe Gbamin. Tant, ils sont d\u00e9termin\u00e9s \u00e0 avoir l\u2019\u00e9l\u00e9phant dans leur escarcelle la saison prochaine. En effet, apr\u00e8s avoir essuy\u00e9 un cuisant \u00e9chec cet hiver, le club londonien compte revenir \u00e0 la charge l\u2019\u00e9t\u00e9 prochain.<br \/>\nEn qu\u00eate de renforts de taille dans son bastion d\u00e9fensif, Arsenal a jet\u00e9 son d\u00e9volu sur l\u2019international ivoirien indispensable dans le dispositif de Mayence. Lui qui a disput\u00e9 19 matchs (2 buts) de Bundesliga   pour deux absences dues \u00e0 une blessure aux adducteurs. Le d\u00e9fenseur polyvalent de 23 ans se dit d\u2019ailleurs pr\u00eat \u00e0 franchir d\u2019autres paliers. \u00ab Je me sens fondamentalement pr\u00eat pour la prochaine \u00e9tape et je peux imaginer commencer un nouveau chapitre. Pour ce qui se passera la saison prochaine, nous devons attendre et voir. \u00bb, avait-il admis r\u00e9cemment.<br \/>\nLe hic dans l\u2019affaire est que les Nullf\u00fcnfer r\u00e9clament une enveloppe de 40 M\u00a3 (environ 45 M\u20ac) pour laisser filer l\u2019Ivoirien. Or le budget estival des Gunners est \u00e0 hauteur de 50 millions d\u2019euros. Une donne qui pourrait sans doute refroidir Unai Emery dans sa cour \u00e0 Jean -Philipe Gbamin sous contrat jusqu\u2019en 2023.<br \/>\nGNAMIEN Lalo<\/p>\n","protected":false},"excerpt":{"rendered":"<p>Sous le charme de Jean -Philipe Gbamin cet hiver d\u00e9j\u00e0, Arsenal entend revenir \u00e0 la charge le prochain mercato estival pour enr\u00f4ler l\u2019international ivoirien (23 ans, Mayence). Les Gunners ne d\u00e9mordent pas pour Jean-Philippe Gbamin. Tant, ils sont d\u00e9termin\u00e9s \u00e0 avoir l\u2019\u00e9l\u00e9phant dans leur escarcelle la saison prochaine. En effet, apr\u00e8s avoir essuy\u00e9 un cuisant [&hellip;]<\/p>\n","protected":false},"author":2,"featured_media":3390,"comment_status":"closed","ping_status":"closed","sticky":false,"template":"","format":"standard","meta":{"footnotes":""},"categories":[28],"tags":[],"class_list":["post-3389","post","type-post","status-publish","format-standard","has-post-thumbnail","hentry","category-football"],"_links":{"self":[{"href":"https:\/\/www.infoline.ci\/index.php?rest_route=\/wp\/v2\/posts\/3389","targetHints":{"allow":["GET"]}}],"collection":[{"href":"https:\/\/www.infoline.ci\/index.php?rest_route=\/wp\/v2\/posts"}],"about":[{"href":"https:\/\/www.infoline.ci\/index.php?rest_route=\/wp\/v2\/types\/post"}],"author":[{"embeddable":true,"href":"https:\/\/www.infoline.ci\/index.php?rest_route=\/wp\/v2\/users\/2"}],"replies":[{"embeddable":true,"href":"https:\/\/www.infoline.ci\/index.php?rest_route=%2Fwp%2Fv2%2Fcomments&post=3389"}],"version-history":[{"count":1,"href":"https:\/\/www.infoline.ci\/index.php?rest_route=\/wp\/v2\/posts\/3389\/revisions"}],"predecessor-version":[{"id":3391,"href":"https:\/\/www.infoline.ci\/index.php?rest_route=\/wp\/v2\/posts\/3389\/revisions\/3391"}],"wp:featuredmedia":[{"embeddable":true,"href":"https:\/\/www.infoline.ci\/index.php?rest_route=\/wp\/v2\/media\/3390"}],"wp:attachment":[{"href":"https:\/\/www.infoline.ci\/index.php?rest_route=%2Fwp%2Fv2%2Fmedia&parent=3389"}],"wp:term":[{"taxonomy":"category","embeddable":true,"href":"https:\/\/www.infoline.ci\/index.php?rest_route=%2Fwp%2Fv2%2Fcategories&post=3389"},{"taxonomy":"post_tag","embeddable":true,"href":"https:\/\/www.infoline.ci\/index.php?rest_route=%2Fwp%2Fv2%2Ftags&post=3389"}],"curies":[{"name":"wp","href":"https:\/\/api.w.org\/{rel}","templated":true}]}}