{"id":3346,"date":"2019-02-11T19:36:37","date_gmt":"2019-02-11T19:36:37","guid":{"rendered":"http:\/\/www.infoline.ci\/?p=3346"},"modified":"2019-02-11T19:36:37","modified_gmt":"2019-02-11T19:36:37","slug":"politique-nationale-bedie-a-manque-de-peu-a-une-arrestation-apres-ses-propos-virulents-contre-le-rhdp","status":"publish","type":"post","link":"https:\/\/www.infoline.ci\/?p=3346","title":{"rendered":"Politique Nationale : B\u00e9di\u00e9 a manqu\u00e9 de peu \u00e0 une arrestation apr\u00e8s ses propos virulents contre le RHDP"},"content":{"rendered":"<p>L\u2019actualit\u00e9 sociopolitique en C\u00f4te d\u2019Ivoire est domin\u00e9e depuis quelque temps par la mise en place du parti unifi\u00e9 RHDP dont le premier congr\u00e8s ordinaire a eu lieu le 26 janvier 2019 au stade F\u00e9lix Houphou\u00ebt-Boigny du Plateau.<br \/>\nA-t-on \u00e9chapp\u00e9 \u00e0 une autre crise en C\u00f4te d\u2019Ivoire ? Selon l\u2019hebdomadaire panafricain Jeune Afrique, Henri Konan B\u00e9di\u00e9 a \u00e9chapp\u00e9 de justesse \u00e0 deux actions majeures qui devraient \u00eatre act\u00e9es contre lui. D\u2019abord qu\u2019il devrait \u00eatre expuls\u00e9 de sa r\u00e9sidence d\u2019ancien chef d\u2019Etat, et m\u00eame interpell\u00e9 apr\u00e8s qu\u2019il eut tenu des propos virulents \u00e0 l\u2019encontre du RHDP.<br \/>\nLe jour du congr\u00e8s du RHDP en effet, Henri Konan B\u00e9di\u00e9 avait convi\u00e9 \u00e0 Daoukro la jeunesse de son parti, le PDCI-RDA, devant qui il avait publiquement trait\u00e9 les fondateurs du parti unifi\u00e9 RHDP de \u00ab fils adult\u00e9rins \u00bb d\u2019Houphou\u00ebt-Boigny. Pis, le \u00ab Sphinx de Daoukro \u00bb avait m\u00eame trait\u00e9 le RHDP de \u00ab Rassemblement des d\u00e9tourneurs de derniers publics \u00bb. Des propos qui ont suscit\u00e9 le courroux de nombreux cadres du parti RHDP dont l\u2019une, Kandia Camara, actuel ministre de l\u2019Education nationale, s\u2019en est vertement prise \u00e0 lui au lendemain du congr\u00e8s du 26 janvier.<br \/>\n\u00abDire que les militants du RHDP sont les fils adult\u00e9rins d\u2019Houphou\u00ebt, \u00e7a ce n\u2019est pas digne du pr\u00e9sident Henri Konan B\u00e9di\u00e9. Chaque fois qu\u2019il prend la parole, ce sont des injures. Je n\u2019ai jamais entendu un chef d\u2019\u00e9tat tenir ce genre de propos. M\u00eame pendant la crise. Nous lui demandons de rester l\u00e0 o\u00f9 il \u00e9tait. S\u2019il descend dans la poubelle, ce ne sera pas bon pour lui \u00bb, avait-elle d\u00e9clar\u00e9.<br \/>\nAu regard de la \u00ab gravit\u00e9 \u00bb des propos d\u2019Henri Konan B\u00e9di\u00e9, Jeune Afrique croit savoir qu\u2019Alassane Ouattara qui envisageait d\u2019envoyer Hamed Bakayoko, Ministre de la D\u00e9fense, et le Ministre de la Justice, Sansan Kambil\u00e9, transmettre un message de fermet\u00e9 \u00e0 B\u00e9di\u00e9, a du se raviser au dernier moment, arguant qu\u2019il n\u2019entendait entreprendre aucune action \u00e0 l\u2019encontre de l\u2019ancien chef de l\u2019Etat ivoirien. Une mani\u00e8re de calmer le jeu apr\u00e8s que Guillaume Soro a, de son c\u00f4t\u00e9, d\u00e9missionn\u00e9 de la pr\u00e9sidence de l\u2019Assembl\u00e9e nationale pour divergence d\u2019opinions avec Ouattara.<br \/>\nSource : Ivoire Tv<\/p>\n","protected":false},"excerpt":{"rendered":"<p>L\u2019actualit\u00e9 sociopolitique en C\u00f4te d\u2019Ivoire est domin\u00e9e depuis quelque temps par la mise en place du parti unifi\u00e9 RHDP dont le premier congr\u00e8s ordinaire a eu lieu le 26 janvier 2019 au stade F\u00e9lix Houphou\u00ebt-Boigny du Plateau. A-t-on \u00e9chapp\u00e9 \u00e0 une autre crise en C\u00f4te d\u2019Ivoire ? Selon l\u2019hebdomadaire panafricain Jeune Afrique, Henri Konan B\u00e9di\u00e9 [&hellip;]<\/p>\n","protected":false},"author":2,"featured_media":3347,"comment_status":"closed","ping_status":"closed","sticky":false,"template":"","format":"standard","meta":{"footnotes":""},"categories":[23],"tags":[],"class_list":["post-3346","post","type-post","status-publish","format-standard","has-post-thumbnail","hentry","category-politique"],"_links":{"self":[{"href":"https:\/\/www.infoline.ci\/index.php?rest_route=\/wp\/v2\/posts\/3346","targetHints":{"allow":["GET"]}}],"collection":[{"href":"https:\/\/www.infoline.ci\/index.php?rest_route=\/wp\/v2\/posts"}],"about":[{"href":"https:\/\/www.infoline.ci\/index.php?rest_route=\/wp\/v2\/types\/post"}],"author":[{"embeddable":true,"href":"https:\/\/www.infoline.ci\/index.php?rest_route=\/wp\/v2\/users\/2"}],"replies":[{"embeddable":true,"href":"https:\/\/www.infoline.ci\/index.php?rest_route=%2Fwp%2Fv2%2Fcomments&post=3346"}],"version-history":[{"count":1,"href":"https:\/\/www.infoline.ci\/index.php?rest_route=\/wp\/v2\/posts\/3346\/revisions"}],"predecessor-version":[{"id":3348,"href":"https:\/\/www.infoline.ci\/index.php?rest_route=\/wp\/v2\/posts\/3346\/revisions\/3348"}],"wp:featuredmedia":[{"embeddable":true,"href":"https:\/\/www.infoline.ci\/index.php?rest_route=\/wp\/v2\/media\/3347"}],"wp:attachment":[{"href":"https:\/\/www.infoline.ci\/index.php?rest_route=%2Fwp%2Fv2%2Fmedia&parent=3346"}],"wp:term":[{"taxonomy":"category","embeddable":true,"href":"https:\/\/www.infoline.ci\/index.php?rest_route=%2Fwp%2Fv2%2Fcategories&post=3346"},{"taxonomy":"post_tag","embeddable":true,"href":"https:\/\/www.infoline.ci\/index.php?rest_route=%2Fwp%2Fv2%2Ftags&post=3346"}],"curies":[{"name":"wp","href":"https:\/\/api.w.org\/{rel}","templated":true}]}}