{"id":3306,"date":"2019-02-08T13:26:44","date_gmt":"2019-02-08T13:26:44","guid":{"rendered":"http:\/\/www.infoline.ci\/?p=3306"},"modified":"2019-02-08T13:26:44","modified_gmt":"2019-02-08T13:26:44","slug":"assemblee-nationale-guillaume-soro-vient-de-rendre-sa-demission","status":"publish","type":"post","link":"https:\/\/www.infoline.ci\/?p=3306","title":{"rendered":"Assembl\u00e9e Nationale : Guillaume Soro vient de rendre sa d\u00e9mission"},"content":{"rendered":"<p>Ce vendredi 08 f\u00e9vrier 2019, \u00e0  l\u2019occasion de la  premi\u00e8re section  extraordinaire de  l\u2019ann\u00e9e  le pr\u00e9sident de l\u2019assembl\u00e9e nationale Ivoirienne,  Guillaume Soro, a rendu sa d\u00e9mission.<br \/>\n<<Je rends ma d\u00e9mission  de mon poste de pr\u00e9sident de l\u2019Assembl\u00e9e Nationale de C\u00f4te d'Ivoire>>   a-t-il indiqu\u00e9.<br \/>\nProfitant de la tribune l\u2019ex patron de la F\u00e9d\u00e9ration Estudiantine de  C\u00f4te d\u2019Ivoire (FESCI) a fustig\u00e9 les politiciens qui s\u2019accroche au pouvoir <<  Je ne suis pas un homme \u00e0 m'accrocher \u00e0 un poste.>>  a \u2013t-il r\u00e9v\u00e9l\u00e9<br \/>\nPour lui  c\u2019est une d\u00e9cision capitale pour la pr\u00e9servation et la coh\u00e9sion sociale << J'ai d\u00e9cid\u00e9 de sacrifier mon poste pour la paix. >><br \/>\n En guise de conclusion l\u2019ex-pr\u00e9sident de l\u2019Assembl\u00e9e Nationale dit qu\u2019il  demeure serein.<br \/>\nGuy All\u00e9luia<\/p>\n","protected":false},"excerpt":{"rendered":"<p>Ce vendredi 08 f\u00e9vrier 2019, \u00e0 l\u2019occasion de la premi\u00e8re section extraordinaire de l\u2019ann\u00e9e le pr\u00e9sident de l\u2019assembl\u00e9e nationale Ivoirienne, Guillaume Soro, a rendu sa d\u00e9mission. > a \u2013t-il r\u00e9v\u00e9l\u00e9 Pour lui c\u2019est une d\u00e9cision capitale pour la pr\u00e9servation et la coh\u00e9sion sociale<\/p>\n","protected":false},"author":2,"featured_media":3307,"comment_status":"closed","ping_status":"closed","sticky":false,"template":"","format":"standard","meta":{"footnotes":""},"categories":[23],"tags":[],"class_list":["post-3306","post","type-post","status-publish","format-standard","has-post-thumbnail","hentry","category-politique"],"_links":{"self":[{"href":"https:\/\/www.infoline.ci\/index.php?rest_route=\/wp\/v2\/posts\/3306","targetHints":{"allow":["GET"]}}],"collection":[{"href":"https:\/\/www.infoline.ci\/index.php?rest_route=\/wp\/v2\/posts"}],"about":[{"href":"https:\/\/www.infoline.ci\/index.php?rest_route=\/wp\/v2\/types\/post"}],"author":[{"embeddable":true,"href":"https:\/\/www.infoline.ci\/index.php?rest_route=\/wp\/v2\/users\/2"}],"replies":[{"embeddable":true,"href":"https:\/\/www.infoline.ci\/index.php?rest_route=%2Fwp%2Fv2%2Fcomments&post=3306"}],"version-history":[{"count":1,"href":"https:\/\/www.infoline.ci\/index.php?rest_route=\/wp\/v2\/posts\/3306\/revisions"}],"predecessor-version":[{"id":3308,"href":"https:\/\/www.infoline.ci\/index.php?rest_route=\/wp\/v2\/posts\/3306\/revisions\/3308"}],"wp:featuredmedia":[{"embeddable":true,"href":"https:\/\/www.infoline.ci\/index.php?rest_route=\/wp\/v2\/media\/3307"}],"wp:attachment":[{"href":"https:\/\/www.infoline.ci\/index.php?rest_route=%2Fwp%2Fv2%2Fmedia&parent=3306"}],"wp:term":[{"taxonomy":"category","embeddable":true,"href":"https:\/\/www.infoline.ci\/index.php?rest_route=%2Fwp%2Fv2%2Fcategories&post=3306"},{"taxonomy":"post_tag","embeddable":true,"href":"https:\/\/www.infoline.ci\/index.php?rest_route=%2Fwp%2Fv2%2Ftags&post=3306"}],"curies":[{"name":"wp","href":"https:\/\/api.w.org\/{rel}","templated":true}]}}