{"id":328,"date":"2017-06-11T07:15:35","date_gmt":"2017-06-11T07:15:35","guid":{"rendered":"http:\/\/www.infoline.ci\/?p=328"},"modified":"2017-06-11T07:15:35","modified_gmt":"2017-06-11T07:15:35","slug":"marcory-un-nouveau-mouvement-de-jeunesse-cree-pour-soutenir-affi-nguessan","status":"publish","type":"post","link":"https:\/\/www.infoline.ci\/?p=328","title":{"rendered":"Marcory : un nouveau mouvement de jeunesse cr\u00e9\u00e9 pour soutenir Affi n\u2019Guessan"},"content":{"rendered":"<p><em><strong>Un nouveau mouvement de jeunesse cr\u00e9\u00e9 pour soutenir le pr\u00e9sident Affi N\u2019Guessan. Ce dimanche 3 juin, il a fait sa sortie officielle \u00e0 Marcory.<\/strong><\/em><br \/>\nLe foyer des jeunes de Marcory a \u00e9t\u00e9 le cadre id\u00e9al pour l\u2019investiture du Mouvement de Jeunesse D\u00e9vou\u00e9e \u00e0 Affi (MJDA) le dimanche 3 juin dernier. A cette c\u00e9r\u00e9monie, Gnahor\u00e9 Guy Florent, pr\u00e9sident fondateur du MJDA a pr\u00e9sent\u00e9 son bureau constitu\u00e9 de neuf \u2018\u2019commandos\u2019\u2019 et ce en pr\u00e9sence des personnalit\u00e9s du FPI. Mme Diop Ba\u00ef Pulch\u00e9rie, secr\u00e9taire nationale du FPI, marraine du MJDA, Jacques Kakou, Vice \u2013 Pr\u00e9sident du FPI charg\u00e9 du district d\u2019Abidjan, Gnizako C\u00e9lestin, charg\u00e9 des f\u00e9d\u00e9rations du Banco et le chef de la communaut\u00e9 b\u00e9t\u00e9 \u00e0 Anoumanbo. La secr\u00e9taire nationale Mme Diop Ba\u00ef Pulch\u00e9rie, marraine de cette c\u00e9r\u00e9monie d\u2019investiture du pr\u00e9sident du MJDA, a tenu \u00e0 rappeler lors de cette c\u00e9r\u00e9monie, les actions men\u00e9es par Affi N\u2019Guessan en faveur de la paix en C\u00f4te d\u2019Ivoire. Selon Jacques Kakou, Affi N\u2019Guessan est dans le vrai, raison pour laquelle il invite le MJDA \u00e0 parcourir toute la C\u00f4te d\u2019Ivoire afin de faire comprendre \u00e0 la population sa politique et qui il est. Le Vice \u2013 Pr\u00e9sident FPI charg\u00e9 du district d\u2019Abidjan a saisi l\u2019occasion de cette investiture du Mouvement de Jeunesse D\u00e9vou\u00e9e \u00e0 Affi (MJDA) pour rappeler \u00e0 son auditoire la situation sociale et \u00e9conomique en C\u00f4te d\u2019Ivoire. \u00ab Rien ne va dans le pays. Voici pourquoi il y aura une marche de col\u00e8re de tous les partis politiques ce samedi 17 juin 2017 \u00e0 la gare de Bassam \u00e0 Treichville \u00e0 partir de 8 heures \u00bb a indiqu\u00e9 Jacques Kakou, Vice \u2013 Pr\u00e9sident FPI charg\u00e9 du district d\u2019Abidjan. A en croire Jacques Kakou, le FPI fait une r\u00e9volution pacifique. \u00ab Nous reviendrons au pouvoir avec l\u2019adh\u00e9sion du peuple \u00bb a-t-il soulign\u00e9. Il a rappel\u00e9 que l\u2019objectif de de la marche du samedi 17 juin, est de capitaliser la grogne sociale et le m\u00e9contentement des ivoiriens. Il faut savoir qu\u2019apr\u00e8s cette investiture, Gnahor\u00e9 Guy Florent et son \u00e9quipe devront parcourir le district d\u2019Abidjan et \u00e0 l\u2019int\u00e9rieur du pays.<br \/>\nRaoul Lobou\u00e9<\/p>\n","protected":false},"excerpt":{"rendered":"<p>Un nouveau mouvement de jeunesse cr\u00e9\u00e9 pour soutenir le pr\u00e9sident Affi N\u2019Guessan. Ce dimanche 3 juin, il a fait sa sortie officielle \u00e0 Marcory. Le foyer des jeunes de Marcory a \u00e9t\u00e9 le cadre id\u00e9al pour l\u2019investiture du Mouvement de Jeunesse D\u00e9vou\u00e9e \u00e0 Affi (MJDA) le dimanche 3 juin dernier. A cette c\u00e9r\u00e9monie, Gnahor\u00e9 Guy [&hellip;]<\/p>\n","protected":false},"author":2,"featured_media":329,"comment_status":"open","ping_status":"open","sticky":false,"template":"","format":"standard","meta":{"footnotes":""},"categories":[23],"tags":[],"class_list":["post-328","post","type-post","status-publish","format-standard","has-post-thumbnail","hentry","category-politique"],"_links":{"self":[{"href":"https:\/\/www.infoline.ci\/index.php?rest_route=\/wp\/v2\/posts\/328","targetHints":{"allow":["GET"]}}],"collection":[{"href":"https:\/\/www.infoline.ci\/index.php?rest_route=\/wp\/v2\/posts"}],"about":[{"href":"https:\/\/www.infoline.ci\/index.php?rest_route=\/wp\/v2\/types\/post"}],"author":[{"embeddable":true,"href":"https:\/\/www.infoline.ci\/index.php?rest_route=\/wp\/v2\/users\/2"}],"replies":[{"embeddable":true,"href":"https:\/\/www.infoline.ci\/index.php?rest_route=%2Fwp%2Fv2%2Fcomments&post=328"}],"version-history":[{"count":1,"href":"https:\/\/www.infoline.ci\/index.php?rest_route=\/wp\/v2\/posts\/328\/revisions"}],"predecessor-version":[{"id":330,"href":"https:\/\/www.infoline.ci\/index.php?rest_route=\/wp\/v2\/posts\/328\/revisions\/330"}],"wp:featuredmedia":[{"embeddable":true,"href":"https:\/\/www.infoline.ci\/index.php?rest_route=\/wp\/v2\/media\/329"}],"wp:attachment":[{"href":"https:\/\/www.infoline.ci\/index.php?rest_route=%2Fwp%2Fv2%2Fmedia&parent=328"}],"wp:term":[{"taxonomy":"category","embeddable":true,"href":"https:\/\/www.infoline.ci\/index.php?rest_route=%2Fwp%2Fv2%2Fcategories&post=328"},{"taxonomy":"post_tag","embeddable":true,"href":"https:\/\/www.infoline.ci\/index.php?rest_route=%2Fwp%2Fv2%2Ftags&post=328"}],"curies":[{"name":"wp","href":"https:\/\/api.w.org\/{rel}","templated":true}]}}