{"id":3176,"date":"2019-02-01T11:32:51","date_gmt":"2019-02-01T11:32:51","guid":{"rendered":"http:\/\/www.infoline.ci\/?p=3176"},"modified":"2019-02-01T11:32:51","modified_gmt":"2019-02-01T11:32:51","slug":"football-derniers-echos-du-mercato-les-dernieres-signatures-ivoiriennes","status":"publish","type":"post","link":"https:\/\/www.infoline.ci\/?p=3176","title":{"rendered":"Football \/derniers \u00e9chos du mercato : Les derni\u00e8res signatures ivoiriennes"},"content":{"rendered":"<p>Le mercato hivernal s\u2019est cl\u00f4tur\u00e9 avec les signatures de Zoumana Kon\u00e9 chez le Chamois Niortais quand Wilfried Bony se voyait pr\u00eater \u00e0 Al Arabi jusqu\u2019en fin de saison.<br \/>\nDeux ivoiriens ont marqu\u00e9 la fin du mercato hivernal ce jeudi (minuit). Il s\u2019agit de Wilfried Bony et Zoumana Kon\u00e9.Si le premier va en pr\u00eat, le second lui signe son premier contrat professionnel en Europe.<br \/>\nBony pr\u00eat\u00e9 \u00e0 Al Arabi<br \/>\nDans les tuyaux depuis l\u2019entame de ce mercato, Wilfried Bony a quitt\u00e9 Swansea. Courtis\u00e9 par Galatasaray et Al Sadd, c\u2019est finalement \u00e0 Al Arabi au Qatar que l\u2019international ivoirien va en pr\u00eat jusqu\u2019\u00e0 la fin de la saison. Auteur de seulement 1 but en 7 matchs cette saison alors qu\u2019il est le plus gros salaire (74 millions par semaine) de Swansea City, l\u2019\u00e9l\u00e9phant pourrait se relancer avant de revenir la saison prochaine apr\u00e8s une longue p\u00e9riode de convalescence.<br \/>\nZoumana signe \u00e0 Niort<br \/>\nMeilleur canonnier de la premi\u00e8re phase de la Ligue 1 avec 10 buts en 13 journ\u00e9es, Zoumana Kon\u00e9 fera parler la poudre d\u00e9sormais sous les couleurs du Chamois Niortais. Le 10\u00e8 de la Ligue 2 fran\u00e7aise a recrut\u00e9 l\u2019ivoirien de 27 ans en qualit\u00e9 de doublure de d\u2019Ande Dona Ndoh.La dur\u00e9e de son contrat n\u2019a toutefois pas \u00e9t\u00e9 d\u00e9voil\u00e9e. Une nouvelle aventure commence donc pour l\u2019ex soci\u00e9taire du Racing Club d\u2019Abidjan qui  entame sa premi\u00e8re exp\u00e9rience professionnelle.<br \/>\nGnamien Lalo<\/p>\n","protected":false},"excerpt":{"rendered":"<p>Le mercato hivernal s\u2019est cl\u00f4tur\u00e9 avec les signatures de Zoumana Kon\u00e9 chez le Chamois Niortais quand Wilfried Bony se voyait pr\u00eater \u00e0 Al Arabi jusqu\u2019en fin de saison. Deux ivoiriens ont marqu\u00e9 la fin du mercato hivernal ce jeudi (minuit). Il s\u2019agit de Wilfried Bony et Zoumana Kon\u00e9.Si le premier va en pr\u00eat, le second [&hellip;]<\/p>\n","protected":false},"author":2,"featured_media":3177,"comment_status":"closed","ping_status":"closed","sticky":false,"template":"","format":"standard","meta":{"footnotes":""},"categories":[28],"tags":[],"class_list":["post-3176","post","type-post","status-publish","format-standard","has-post-thumbnail","hentry","category-football"],"_links":{"self":[{"href":"https:\/\/www.infoline.ci\/index.php?rest_route=\/wp\/v2\/posts\/3176","targetHints":{"allow":["GET"]}}],"collection":[{"href":"https:\/\/www.infoline.ci\/index.php?rest_route=\/wp\/v2\/posts"}],"about":[{"href":"https:\/\/www.infoline.ci\/index.php?rest_route=\/wp\/v2\/types\/post"}],"author":[{"embeddable":true,"href":"https:\/\/www.infoline.ci\/index.php?rest_route=\/wp\/v2\/users\/2"}],"replies":[{"embeddable":true,"href":"https:\/\/www.infoline.ci\/index.php?rest_route=%2Fwp%2Fv2%2Fcomments&post=3176"}],"version-history":[{"count":1,"href":"https:\/\/www.infoline.ci\/index.php?rest_route=\/wp\/v2\/posts\/3176\/revisions"}],"predecessor-version":[{"id":3178,"href":"https:\/\/www.infoline.ci\/index.php?rest_route=\/wp\/v2\/posts\/3176\/revisions\/3178"}],"wp:featuredmedia":[{"embeddable":true,"href":"https:\/\/www.infoline.ci\/index.php?rest_route=\/wp\/v2\/media\/3177"}],"wp:attachment":[{"href":"https:\/\/www.infoline.ci\/index.php?rest_route=%2Fwp%2Fv2%2Fmedia&parent=3176"}],"wp:term":[{"taxonomy":"category","embeddable":true,"href":"https:\/\/www.infoline.ci\/index.php?rest_route=%2Fwp%2Fv2%2Fcategories&post=3176"},{"taxonomy":"post_tag","embeddable":true,"href":"https:\/\/www.infoline.ci\/index.php?rest_route=%2Fwp%2Fv2%2Ftags&post=3176"}],"curies":[{"name":"wp","href":"https:\/\/api.w.org\/{rel}","templated":true}]}}