{"id":3143,"date":"2019-01-29T12:02:15","date_gmt":"2019-01-29T12:02:15","guid":{"rendered":"http:\/\/www.infoline.ci\/?p=3143"},"modified":"2019-01-29T12:02:15","modified_gmt":"2019-01-29T12:02:15","slug":"football-can-2021-ahmad-ahmad-est-a-abidjan","status":"publish","type":"post","link":"https:\/\/www.infoline.ci\/?p=3143","title":{"rendered":"Football \/CAN 2021: Ahmad Ahmad est  \u00e0 Abidjan"},"content":{"rendered":"<p>Comme annonc\u00e9, Ahmad Ahmad le pr\u00e9sident de la Conf\u00e9d\u00e9ration Africaine de Football est arriv\u00e9 ce lundi \u00e0 Abidjan pour rencontrer Alassane Ouattara.<br \/>\nC\u2019est \u00e0 19h45 GMT que Ahamad Ahamd a att\u00e9rit sur le sol ivoirien pour sa seconde visite tant attendue. Le patron de la CAF \u00e9t\u00e9 accueilli \u00e0 son arriv\u00e9e par la d\u00e9l\u00e9gation ivoirienne conduite par accueilli par Alla Yao Fran\u00e7ois, le directeur de cabinet du minist\u00e8re ivoirien des sports, repr\u00e9sentant le ministre Paulin Danho, par Feh Kess\u00e9, le pr\u00e9sident du COCAN 2021 , et par Sidy Diallo, pr\u00e9sident de la F\u00e9d\u00e9ration ivoirienne de football (FIF), et sa d\u00e9l\u00e9gation.<br \/>\nCette seconde visite est d\u00e9cisive. Elle semble m\u00eame un virage que toutes les parties devront n\u00e9gocier avec parcimonie. Pays retenu pour abriter la CAN 2021 apr\u00e8s appel candidature, la Cote d\u2019Ivoire est en passe d\u2019\u00eatre d\u00e9poss\u00e9d\u00e9e au profit du Cameroun dont son \u00e9dition 2019 lui a \u00e9t\u00e9 arrach\u00e9e. Dans cette affaire la FIF a d\u00e9j\u00e0 saisi le TAS. Pour calmer le jeu et situer les uns et les autres sur le d\u00e9nouement de cette affaire ,Ahmad Ahmad a rendez-vous avec le pr\u00e9sident  Alassane Ouattara ce mardi \u00e0 11heures Gmt .De grandes d\u00e9cisions sont donc attendues .<br \/>\nLe pr\u00e9sident de l&rsquo;AFI, Cyril Domoraud, et sa d\u00e9l\u00e9gation, de Malick Toh\u00e9, de Bonaventure Kalou et de Pierre Gondo, des visages embl\u00e9matiques de la contestation de l&rsquo;administration actuelle de la FIF \u00e9taient \u00e9galement \u00e0 l\u2019\u00e9aroport pour dire akwaba au patron de la CAF.<br \/>\nGnamien Lalo<\/p>\n","protected":false},"excerpt":{"rendered":"<p>Comme annonc\u00e9, Ahmad Ahmad le pr\u00e9sident de la Conf\u00e9d\u00e9ration Africaine de Football est arriv\u00e9 ce lundi \u00e0 Abidjan pour rencontrer Alassane Ouattara. C\u2019est \u00e0 19h45 GMT que Ahamad Ahamd a att\u00e9rit sur le sol ivoirien pour sa seconde visite tant attendue. Le patron de la CAF \u00e9t\u00e9 accueilli \u00e0 son arriv\u00e9e par la d\u00e9l\u00e9gation ivoirienne [&hellip;]<\/p>\n","protected":false},"author":2,"featured_media":3144,"comment_status":"closed","ping_status":"closed","sticky":false,"template":"","format":"standard","meta":{"footnotes":""},"categories":[28],"tags":[],"class_list":["post-3143","post","type-post","status-publish","format-standard","has-post-thumbnail","hentry","category-football"],"_links":{"self":[{"href":"https:\/\/www.infoline.ci\/index.php?rest_route=\/wp\/v2\/posts\/3143","targetHints":{"allow":["GET"]}}],"collection":[{"href":"https:\/\/www.infoline.ci\/index.php?rest_route=\/wp\/v2\/posts"}],"about":[{"href":"https:\/\/www.infoline.ci\/index.php?rest_route=\/wp\/v2\/types\/post"}],"author":[{"embeddable":true,"href":"https:\/\/www.infoline.ci\/index.php?rest_route=\/wp\/v2\/users\/2"}],"replies":[{"embeddable":true,"href":"https:\/\/www.infoline.ci\/index.php?rest_route=%2Fwp%2Fv2%2Fcomments&post=3143"}],"version-history":[{"count":1,"href":"https:\/\/www.infoline.ci\/index.php?rest_route=\/wp\/v2\/posts\/3143\/revisions"}],"predecessor-version":[{"id":3145,"href":"https:\/\/www.infoline.ci\/index.php?rest_route=\/wp\/v2\/posts\/3143\/revisions\/3145"}],"wp:featuredmedia":[{"embeddable":true,"href":"https:\/\/www.infoline.ci\/index.php?rest_route=\/wp\/v2\/media\/3144"}],"wp:attachment":[{"href":"https:\/\/www.infoline.ci\/index.php?rest_route=%2Fwp%2Fv2%2Fmedia&parent=3143"}],"wp:term":[{"taxonomy":"category","embeddable":true,"href":"https:\/\/www.infoline.ci\/index.php?rest_route=%2Fwp%2Fv2%2Fcategories&post=3143"},{"taxonomy":"post_tag","embeddable":true,"href":"https:\/\/www.infoline.ci\/index.php?rest_route=%2Fwp%2Fv2%2Ftags&post=3143"}],"curies":[{"name":"wp","href":"https:\/\/api.w.org\/{rel}","templated":true}]}}