{"id":2948,"date":"2019-01-10T08:50:51","date_gmt":"2019-01-10T08:50:51","guid":{"rendered":"http:\/\/www.infoline.ci\/?p=2948"},"modified":"2019-01-10T08:50:51","modified_gmt":"2019-01-10T08:50:51","slug":"ouest-de-la-cote-divoire-biankouman-un-gros-camion-renverse-deux-minicars-de-transport-et-tue-4-personnes-et-fait-plusieurs-blesses-graves","status":"publish","type":"post","link":"https:\/\/www.infoline.ci\/?p=2948","title":{"rendered":"Ouest de la C\u00f4te d\u2019Ivoire ( Biankouman) :  un gros camion  renverse deux  minicars  de transport  et  tue  4 personnes et fait plusieurs bless\u00e9s graves"},"content":{"rendered":"<p>Selon  une information s\u00e9curitaire  un v\u00e9hicule de type Ben appartenant \u00e0 une soci\u00e9t\u00e9 d\u2019exploitation mini\u00e8re dans la r\u00e9gion du Tonpki (ouest de la C\u00f4te d\u2019ivoire) a, dimanche 6 janvier  a fait une sortie  de route et perdu le contr\u00f4le.  Dans sa  chute la colline <<120>> le chauffeur a percut\u00e9  deux minicars sur l\u2019axe Biankouma-Man.  Le bilan provisoire \u00e0 notre possession fait \u00e9tat de 4 morts et plusieurs bless\u00e9s graves. Selon nos sources, le conducteur  du camion Ben dans sa vaine tentative de reprise de contr\u00f4le de son v\u00e9hicule a percut\u00e9 un premier minicar qui a \u00e9t\u00e9 projet\u00e9 dans les ravins, faisant sur le champ  3 morts  et ensuite le deuxi\u00e8me minicar  a \u00e9t\u00e9 percut\u00e9 par l\u2019arri\u00e8re. Un mort constat\u00e9 sur le champ et 4 bless\u00e9s graves dans le second v\u00e9hicule. Selon les forces de s\u00e9curit\u00e9s  c\u2019est au bout d\u2019une dizaine de kilom\u00e8tres apr\u00e8s, que le  mauvais chauffeur  du  gros camion Ben a pu s\u2019arr\u00eater et  a pris la cl\u00e9 des champs. Alert\u00e9 les forces de l\u2019ordre  ont fait le constat d\u2019usage. Et  les services des pompes fun\u00e8bres ont emport\u00e9 les corps. Quant aux  bless\u00e9s graves ont \u00e9t\u00e9 \u00e9vacu\u00e9s d\u2019urgence \u00e0 l\u2019h\u00f4pital.  Notons qu\u2019une enqu\u00eate a \u00e9t\u00e9 ouverte afin de  retrouver l\u2019imprudent conducteur.<br \/>\nAnge Ok\u00e9chwuku<\/p>\n","protected":false},"excerpt":{"rendered":"<p>Selon une information s\u00e9curitaire un v\u00e9hicule de type Ben appartenant \u00e0 une soci\u00e9t\u00e9 d\u2019exploitation mini\u00e8re dans la r\u00e9gion du Tonpki (ouest de la C\u00f4te d\u2019ivoire) a, dimanche 6 janvier a fait une sortie de route et perdu le contr\u00f4le. Dans sa chute la colline le chauffeur a percut\u00e9 deux minicars sur l\u2019axe Biankouma-Man. Le bilan [&hellip;]<\/p>\n","protected":false},"author":2,"featured_media":2949,"comment_status":"closed","ping_status":"closed","sticky":false,"template":"","format":"standard","meta":{"footnotes":""},"categories":[22],"tags":[],"class_list":["post-2948","post","type-post","status-publish","format-standard","has-post-thumbnail","hentry","category-faits-divers"],"_links":{"self":[{"href":"https:\/\/www.infoline.ci\/index.php?rest_route=\/wp\/v2\/posts\/2948","targetHints":{"allow":["GET"]}}],"collection":[{"href":"https:\/\/www.infoline.ci\/index.php?rest_route=\/wp\/v2\/posts"}],"about":[{"href":"https:\/\/www.infoline.ci\/index.php?rest_route=\/wp\/v2\/types\/post"}],"author":[{"embeddable":true,"href":"https:\/\/www.infoline.ci\/index.php?rest_route=\/wp\/v2\/users\/2"}],"replies":[{"embeddable":true,"href":"https:\/\/www.infoline.ci\/index.php?rest_route=%2Fwp%2Fv2%2Fcomments&post=2948"}],"version-history":[{"count":1,"href":"https:\/\/www.infoline.ci\/index.php?rest_route=\/wp\/v2\/posts\/2948\/revisions"}],"predecessor-version":[{"id":2950,"href":"https:\/\/www.infoline.ci\/index.php?rest_route=\/wp\/v2\/posts\/2948\/revisions\/2950"}],"wp:featuredmedia":[{"embeddable":true,"href":"https:\/\/www.infoline.ci\/index.php?rest_route=\/wp\/v2\/media\/2949"}],"wp:attachment":[{"href":"https:\/\/www.infoline.ci\/index.php?rest_route=%2Fwp%2Fv2%2Fmedia&parent=2948"}],"wp:term":[{"taxonomy":"category","embeddable":true,"href":"https:\/\/www.infoline.ci\/index.php?rest_route=%2Fwp%2Fv2%2Fcategories&post=2948"},{"taxonomy":"post_tag","embeddable":true,"href":"https:\/\/www.infoline.ci\/index.php?rest_route=%2Fwp%2Fv2%2Ftags&post=2948"}],"curies":[{"name":"wp","href":"https:\/\/api.w.org\/{rel}","templated":true}]}}